{"id":963,"date":"2024-04-17T07:50:02","date_gmt":"2024-04-17T07:50:02","guid":{"rendered":"https:\/\/consumerchamps.eu\/?p=963"},"modified":"2024-04-17T08:10:58","modified_gmt":"2024-04-17T08:10:58","slug":"interview-mit-der-europaabgeordnetenkandidatin-birgit-weckler","status":"publish","type":"post","link":"https:\/\/consumerchamps.eu\/de\/interview-mit-der-europaabgeordnetenkandidatin-birgit-weckler\/","title":{"rendered":"Interview mit EU-Abgeordnetenkandidatin Birgit Weckler"},"content":{"rendered":"<h3 class=\"wp-block-heading\"><strong><em>Unser Manager f\u00fcr Regierungsangelegenheiten, Zoltan Kesz, hat vor Kurzem eine Europaabgeordnetenkandidatin der Christlich Demokratischen Union Deutschlands interviewt, um ihre Perspektive auf die Zukunft Europas, die von ihr empfohlenen Strategien zur Bew\u00e4ltigung der gegenw\u00e4rtigen Herausforderungen und ihre Ansichten zu entscheidenden politischen Fragen zu verstehen.<\/em><\/strong><\/h3>\n\n\n\n<h4 class=\"wp-block-heading\"><strong>Was sind die gr\u00f6\u00dften Herausforderungen, vor denen die EU derzeit steht?<\/strong><\/h4>\n\n\n\n<p><em>\u201eZu den gr\u00f6\u00dften Herausforderungen geh\u00f6ren:&nbsp;<\/em><\/p>\n\n\n\n<p><em>(1) Konsens \u00fcber eine Reform der EU erreichen, um sie als starke europ\u00e4ische Weltmacht gegen\u00fcber anderen globalen M\u00e4chten zu etablieren, mit einer echten Verteidigungs- und Sicherheitsunion (siehe (2) unten) und als noch st\u00e4rkere wettbewerbsf\u00e4hige und innovative Marktwirtschaft, die von einem echten EU-Interesse und nicht von nationalen Interessen getragen wird.&nbsp;<\/em><\/p>\n\n\n\n<p><em>(2) Wesentliche St\u00e4rkung der europ\u00e4ischen Verteidigungs-, Sicherheits- und Milit\u00e4rkapazit\u00e4ten zum Schutz aller EU-B\u00fcrger<\/em>&nbsp;<\/p>\n\n\n\n<p><em>(3) Hohe Zahl an Fl\u00fcchtlingen, die in die EU kommen&nbsp;<\/em>&nbsp;<\/p>\n\n\n\n<p><em>(4) Bedrohung der Demokratie durch extremistische Parteien und Bewegungen in der EU (5) Cyberangriffe&nbsp;&nbsp;<\/em><\/p>\n\n\n\n<p><em>(6) Mangel an qualifizierten Arbeitskr\u00e4ften&nbsp;<\/em><\/p>\n\n\n\n<p><em>(7) Demografische Entwicklung in der EU<\/em>&nbsp;&nbsp;<\/p>\n\n\n\n<p><em>(8) Klimawandel<\/em>&nbsp;<\/p>\n\n\n\n<p><em>(9) B\u00fcrokratie&nbsp;<\/em><\/p>\n\n\n\n<p><em>(10) Falschmeldungen&nbsp;<\/em><\/p>\n\n\n\n<p><em>(11) Ungleichheit der Menschen innerhalb der EU, aber auch weltweit&nbsp;<\/em><\/p>\n\n\n\n<p><em>(12) Verringerte internationale Zusammenarbeit in Kombination mit zunehmendem Nationalismus.\u201c<\/em><\/p>\n\n\n\n<h4 class=\"wp-block-heading\"><strong>Was ist Ihre Vision von Europa im kommenden Jahrzehnt?&nbsp;<\/strong><\/h4>\n\n\n\n<p><em>&#8220;<strong>a. Die EU ist als starke europ\u00e4ische Weltmacht etabliert und wird von anderen Weltm\u00e4chten als prim\u00e4rer Vertreter Europas respektiert.\u00a0<\/strong><\/em><\/p>\n\n\n\n<p><em>Die EU ist eine starke <strong>Europ\u00e4ische Weltmacht vertritt mit einer Stimme <\/strong>seine Mitgliedstaaten gegen\u00fcber Russland, China, den USA, der T\u00fcrkei und anderen Weltm\u00e4chten. Zu diesem Zweck ist es wichtig, eine echte europ\u00e4ische Verteidigungs- und Sicherheitsunion zu schaffen. Dies erfordert au\u00dferdem, dass die EU-Beschl\u00fcsse zur gemeinsamen Au\u00dfen- und Sicherheitspolitik mit qualifizierter Mehrheit gefasst werden \u2013 statt einstimmig. Die milit\u00e4rischen F\u00e4higkeiten der EU-Mitgliedstaaten werden erheblich gest\u00e4rkt, und die EU hat einen Verteidigungskommissar.&nbsp;<\/em><\/p>\n\n\n\n<p><em>Die EU legt ihre <strong>eigene digitale Infrastruktur <\/strong>und gew\u00e4hrleistet den Zugang der EU zu einer sicheren, erschwinglichen und nachhaltigen <strong>Versorgung mit kritischen Rohstoffen, Chips und Batterien <\/strong>mit geringerer Abh\u00e4ngigkeit von Drittstaaten (also Nicht-EU-Staaten).&nbsp;<\/em>&nbsp;<\/p>\n\n\n\n<p><em>Um von anderen Weltm\u00e4chten respektiert zu werden, ist die EU eine <strong>starker, wettbewerbsintensiver Wirtschaftsmarkt <\/strong>mit attraktiven Bedingungen f\u00fcr Industrie, Unternehmen, Gr\u00fcnder, Wissenschaft und Investoren und mit einer <strong>Klima der Innovation, Modernisierung und Digitalisierung, basierend auf dem Konzept einer sozialen Marktwirtschaft, und <\/strong>deutliche Reduzierung der B\u00fcrokratie.&nbsp;<\/em><\/p>\n\n\n\n<p><em>Die EU ist weltweit das Vorbild in <strong>die Klimaschutzziele effektiv erreichen<\/strong>, basierend auf technologischer Innovation und dem Konzept der sozialen Marktwirtschaft.&nbsp;<\/em><\/p>\n\n\n\n<p><em><strong>Die EU sch\u00fctzt ihre Grenzen wirksam <\/strong>mit einem starken Mandat der EU-Beh\u00f6rde Frontex und Beitr\u00e4gen aller 27 Mitgliedstaaten, und definiert und setzt wirksam durch <strong>gemeinsame Migrationspolitik&nbsp; <\/strong>unter Wahrung der Menschenrechte und auf Grundlage seiner eigenen Interessen und Bed\u00fcrfnisse.&nbsp;<\/em><\/p>\n\n\n\n<p><strong><em>b. Wesentliche St\u00e4rkung der demokratischen Elemente in der EU\u00a0<\/em><\/strong><\/p>\n\n\n\n<p><em>Hand in Hand mit der Etablierung der EU als europ\u00e4ische Weltmacht (siehe oben a.) wird die \u201einnere Demokratisierung\u201c der EU substanziell gest\u00e4rkt. Dazu geh\u00f6ren insbesondere eine st\u00e4rkere Rolle des Europ\u00e4ischen Parlaments bei der Ernennung der Kommission, einschlie\u00dflich ihres Pr\u00e4sidenten, eine st\u00e4rkere legislative Mitentscheidungsbefugnis und ein vollwertiges Initiativrecht. Dar\u00fcber hinaus wird die Zahl der Kommissionsmitglieder reduziert (z.B. 15 Kommissare). Sie sollen nicht mehr von den nationalen Regierungen vorgeschlagen, sondern vom designierten Kommissionspr\u00e4sidenten nominiert und dann sowohl vom Rat als auch vom Parlament best\u00e4tigt werden.<\/em><\/p>\n\n\n\n<p><em>Um EU-Politik im echten Interesse der EU zu f\u00f6rdern, wird das Wahlsystem f\u00fcr das Europ\u00e4ische Parlament durch Elemente transnationaler Parteilisten erg\u00e4nzt. Bei den Europawahlen in zehn Jahren wird der Wahlkampf der Kandidaten f\u00fcr das Europ\u00e4ische Parlament (teilweise) als grenz\u00fcberschreitender EU-weiter Wahlkampf gef\u00fchrt, an dem alle EU-B\u00fcrger beteiligt sind, anstatt sich nur auf den Mitgliedstaat zu konzentrieren, aus dem der Kandidat stammt. Zu diesem Zweck sollte die moderne Nutzung der Digitalisierung und moderner \u00dcbersetzungstools, die die EU allen Kandidaten zur Verf\u00fcgung stellt, Teil der EU-Unterst\u00fctzung f\u00fcr einen solchen EU-weiten Wahlkampf sein.&nbsp;<\/em><\/p>\n\n\n\n<p><em>Diese drei Punkte werden als Teil einer EU-Reform im n\u00e4chsten EU-Konvent dazu beitragen, dass die EU-Entscheidungen zur Halbzeit der Legislaturperiode im wahren Geist der EU getroffen werden, siehe Punkt c. weiter unten.&nbsp;<\/em><\/p>\n\n\n\n<p><strong><em>c. Die EU-Politik in harmonisierten\/integrierten Bereichen wird von echten EU-Interessen und nicht von nationalen Interessen bestimmt.&nbsp;<\/em><\/strong><\/p>\n\n\n\n<p><em>Die Entscheidungen der EU in harmonisierten\/integrierten Bereichen werden im Geiste einer <strong>echtes Interesse der EU <\/strong>und nicht als Kompromiss nationaler Interessen.&nbsp;<\/em><\/p>\n\n\n\n<p><em>Die B\u00fcrgerinnen und B\u00fcrger der EU leben in einer \u201e<strong>Europ\u00e4ische Lebensart<\/strong>\u201eZentrale Werte sind Menschenw\u00fcrde, Frieden und Freiheit, Demokratie, Menschenrechte, Gleichheit, Rechtsstaatlichkeit sowie soziale und \u00f6kologische Verantwortung.\u201c&nbsp;<\/em><\/p>\n\n\n\n<p><em>Es gibt <strong>EU-Universit\u00e4ten <\/strong>in von der EU \u201eharmonisierten\u201c Bereichen wie der EZB-Bankenaufsicht, der EZB-Geldpolitik, der Abwicklung von Kreditinstituten, dem Wettbewerbsrecht sowie der Bek\u00e4mpfung von Geldw\u00e4sche und Terrorismusfinanzierung. Das Bildungssystem bleibt weiterhin das <strong>Zust\u00e4ndigkeit der Mitgliedstaaten<\/strong>.&nbsp;<\/em><\/p>\n\n\n\n<p><em><b>70 % der EU-B\u00fcrger sprechen mindestens zwei EU-Sprachen flie\u00dfend, und 50 %<\/b>drei EU-Sprachen. Dies ist das Ziel f\u00fcr alle EU-B\u00fcrger, unabh\u00e4ngig von ihrem Bildungsniveau und davon, ob sie in Gro\u00dfst\u00e4dten oder auf dem Land leben.&nbsp;<\/em><\/p>\n\n\n\n<p><strong><em>d. Klarere Aufgabenverteilung zwischen der EU- und der nationalen Ebene im Interesse der Klarheit<\/em>&nbsp;<\/strong><\/p>\n\n\n\n<p><em>Die Bereiche <strong>Die Zust\u00e4ndigkeiten der EU gegen\u00fcber den Mitgliedstaaten sind klarer definiert <\/strong>im Interesse der Transparenz f\u00fcr die EU-B\u00fcrger und Entscheidungstr\u00e4ger mit dem Ziel, ein gemeinsames Verst\u00e4ndnis und Vertrauen aller EU-B\u00fcrger sowie der EU-Mitgliedstaaten sicherzustellen.&nbsp;<\/em><\/p>\n\n\n\n<p><em>Es ist wichtig, dass die <strong>Die EU respektiert nationale Besonderheiten, Traditionen und Merkmale <\/strong>der Mitgliedstaaten, wie etwa religi\u00f6se Feiertage und regionale Produkte. Zu diesem Zweck sollte der Europ\u00e4ische Ausschuss der Regionen bei der n\u00e4chsten EU-Reform gest\u00e4rkt werden.<\/em>&nbsp;<\/p>\n\n\n\n<p><em>zus\u00e4tzlich <strong>Subsidiarit\u00e4tsprinzip <\/strong>Es m\u00fcssen bestimmte Kriterien beachtet werden, d. h. es muss ein klarer Nutzen und Mehrwert f\u00fcr die EU-B\u00fcrger vorhanden sein, wenn nicht die Mitgliedstaaten, sondern die EU Ma\u00dfnahmen ergreift, beispielsweise aufgrund des Ausma\u00dfes und der Auswirkungen der geplanten Ma\u00dfnahme.<\/em>&#8220;<\/p>\n\n\n\n<h4 class=\"wp-block-heading\"><strong>Wie sehen Sie die Rolle der KI in naher Zukunft? Was halten Sie von einer Regulierung?&nbsp;<\/strong><\/h4>\n\n\n\n<p>&#8220;<em><strong>KI bietet gro\u00dfe Chancen <\/strong>wie etwa Effizienzsteigerung, Ergebniskonsistenz und Ersatz manueller Arbeit von Arbeitskr\u00e4ften, insbesondere in Zeiten eines Mangels an qualifizierten Arbeitskr\u00e4ften auf allen Ebenen. Wichtig ist, sicherzustellen, dass Menschen, also Menschen, die entscheidenden Entscheidungen treffen und die Entwicklung und den Einsatz von KI genau zu \u00fcberwachen.&nbsp;&nbsp;<\/em><\/p>\n\n\n\n<p><em>Ich unterst\u00fctze eine begrenzte Regulierung von KI, wenn konkrete Risiken (z. B. Menschenrechtsverletzungen) festgestellt werden. Andernfalls sollte die Entwicklung und Nutzung von KI den Nutzern \u00fcberlassen werden, um Innovation und Wettbewerb zu erm\u00f6glichen, ohne die B\u00fcrokratie zu \u00fcberlasten. Siehe auch meine Antwort unter 6.<\/em>&#8220;<\/p>\n\n\n\n<h4 class=\"wp-block-heading\"><strong>Wie profitiert Europa von Freihandelsabkommen?<\/strong><\/h4>\n\n\n\n<p>&#8220;<em>Im Jahr 2023 exportierte die EU-27 Waren im Wert von rund 2,55 Billionen <a href=\"https:\/\/de.statista.com\/statistik\/daten\/studie\/15724\/umfrage\/export-von-guetern-aus-der-eu\/\">Euro<\/a>.<sup> <\/sup>Freihandelsabkommen reduzieren oder beseitigen Z\u00f6lle und helfen dabei, Barrieren hinter den Grenzen abzubauen, die sonst den Fluss von Waren und Dienstleistungen behindern w\u00fcrden. Sie f\u00f6rdern ausl\u00e4ndische Investitionen, f\u00f6rdern die regionale Wirtschaft und Integration und bauen gemeinsame Ans\u00e4tze zwischen den Freihandelspartnern auf. Generell glaube ich, dass <strong>Freihandelsabkommen f\u00f6rdern die Wirtschaft und den Wohlstand der beteiligten L\u00e4nder und kommen den Verbrauchern zugute.<\/strong>.&nbsp;<\/em><\/p>\n\n\n\n<p><em>Dar\u00fcber hinaus k\u00f6nnen Freihandelsabkommen auch ein Instrument sein, um laufende Reformen im Inland, Handelsliberalisierung und Klimaschutz zu f\u00f6rdern und <strong>Menschenrechte <\/strong>in den L\u00e4ndern, die das Freihandelsabkommen abschlie\u00dfen.<\/em>&#8220;<\/p>\n\n\n\n<h4 class=\"wp-block-heading\"><strong>Viele Politiker sprechen von Energiediversifizierung. Was ist Ihrer Meinung nach die ideale L\u00f6sung?&nbsp;<\/strong><\/h4>\n\n\n\n<p>&#8220;<em>Meiner Ansicht nach ist die <strong>Ziel der Energiepolitik <\/strong>sollten darin bestehen, (i) zuverl\u00e4ssige und erschwingliche Energie f\u00fcr die Menschen und die Industrie sicherzustellen, (ii) die EU als starken Wirtschaftsmarkt mit attraktiven Bedingungen f\u00fcr die Industrie, Start-ups und andere Investoren zu unterst\u00fctzen und (iii) bis 2050 Klimaneutralit\u00e4t innerhalb der EU zu erreichen.<\/em>&nbsp;<\/p>\n\n\n\n<p><em>So weit wie m\u00f6glich, <strong>Erneuerbare Energien sollten ausgebaut werden und eine wichtige Rolle spielen<\/strong>. Da jedoch Solar- und Windenergie \u2013 die etwa 75 Prozent der erneuerbaren Energie in <a href=\"https:\/\/www.umweltbundesamt.de\/themen\/erstmals-ueber-die haelfte-des-stroms-in\">Deutschland<\/a><sup> <\/sup>\u2013 von der Natur und nicht kontrollierbaren Faktoren abh\u00e4ngen, muss <strong>andere Energietr\u00e4ger zur Energieversorgung ausreichen <\/strong>in Phasen mit wenig Sonne und Wind (<strong>Energiemix<\/strong>).&nbsp;&nbsp;<\/em><\/p>\n\n\n\n<p><em>Erstens: Um einen derart breiten Energiemix zu erm\u00f6glichen, halte ich es angesichts der derzeit fehlenden L\u00f6sung f\u00fcr entscheidend, die Nutzung und Erforschung aller verf\u00fcgbaren Technologien zu erm\u00f6glichen, einschlie\u00dflich Photovoltaik, Windkraft, Geothermie, Wasserkraft, fl\u00fcssiger und fester Biomasse sowie Kernkraft und innovativer Kerntechnologien wie der Kernfusion. Insbesondere denke ich, dass das Verbot des Verbrennungsmotors auf EU-Ebene \u00fcberdacht und aufgehoben werden sollte, insbesondere um die Nutzung von E-Fuels zu erm\u00f6glichen, da es diesbez\u00fcglich erfolgreiche Pilotstudien gibt.&nbsp;<\/em><\/p>\n\n\n\n<p><em>Zweitens ist es wichtig, dass die EU innerhalb der n\u00e4chsten zwei bis drei Jahre eine vollwertige Energieunion innerhalb der EU etabliert. Dies erfordert eine enge Zusammenarbeit zwischen den Mitgliedstaaten, um die grenz\u00fcberschreitende Infrastruktur und das Pipeline-Netzwerk f\u00fcr den Transport von Energie, z. B. Wasserstoff, auszubauen und mehr Energiepartnerschaften mit zuverl\u00e4ssigen Partnern aufzubauen. Dar\u00fcber hinaus ist es in bestimmten Bereichen sinnvoll, die M\u00f6glichkeit zu haben, mehr als nur eine Energieform zu nutzen, um sich an Marktentwicklungen anpassen zu k\u00f6nnen, beispielsweise in Haushalten mit Photovoltaik und W\u00e4rmepumpen oder in Hybridautos, je nachdem, ob dies aus Kostengr\u00fcnden sinnvoll ist und vorbehaltlich k\u00fcnftiger technologischer Entwicklungen.<\/em>&#8220;<\/p>\n\n\n\n<h4 class=\"wp-block-heading\"><strong>Welches bevorzugen Sie und warum? Innovation vs. Regulierung?<\/strong><\/h4>\n\n\n\n<p><em>\u201eIch bevorzuge eine <strong>Kombination aus Regulierung und Innovation<\/strong>, je nach dem jeweiligen Gebiet.&nbsp;&nbsp;<\/em><\/p>\n\n\n\n<p><em>Eine Regulierung kann sinnvoll sein, wenn (i) konkrete Risiken oder Probleme festgestellt werden oder (ii) im EU-Kontext die Notwendigkeit besteht, ein gemeinsames Grundverst\u00e4ndnis der EU-Mitgliedstaaten zu schaffen, um Vertrauen zu schaffen, Missverst\u00e4ndnisse zu vermeiden und gleiche Wettbewerbsbedingungen zu f\u00f6rdern.&nbsp;<\/em><\/p>\n\n\n\n<p><em>Generell ist der Staat nicht der bessere Wirtschaftsf\u00fchrer. Ich vertraue vielmehr auf die Expertise der Industrie und des Privatsektors. Sofern es also keinen triftigen Grund f\u00fcr die Regulierung eines Bereichs gibt, halte ich hochrangige Regulierungsprinzipien f\u00fcr ausreichend, um der Industrie, der Wissenschaft und Start-ups mehr Raum f\u00fcr Innovation und Kreativit\u00e4t zu lassen, was meiner Meinung nach zu besseren Ergebnissen f\u00fchrt. Dar\u00fcber hinaus muss unn\u00f6tige B\u00fcrokratie vermieden werden.&nbsp;<\/em>&#8220;<\/p>\n\n\n\n<h4 class=\"wp-block-heading\"><strong>Welche Sorgen bereiten Ihren W\u00e4hlern hinsichtlich der Europ\u00e4ischen Union?&nbsp;<\/strong><\/h4>\n\n\n\n<p>&#8220;<em>Zu den Hauptanliegen z\u00e4hlen:&nbsp;<\/em><\/p>\n\n\n\n<p><em>\u2022 Die EU greift zu weit in nationale Zust\u00e4ndigkeitsbereiche ein, ohne nationale Besonderheiten und historische Entwicklungen ausreichend zu ber\u00fccksichtigen.&nbsp;<\/em><\/p>\n\n\n\n<p><em>\u2022 Die Entscheidungsfindung in der EU ist langsam und nicht immer effizient.<\/em>&nbsp;<\/p>\n\n\n\n<p><em>\u2022 Mangelnde Verh\u00e4ltnism\u00e4\u00dfigkeit und zu viel B\u00fcrokratie in der EU-Regulierung.&nbsp;<\/em><\/p>\n\n\n\n<p><em>\u2022 Mangelnde Einhaltung und Durchsetzung der Rechtsstaatlichkeit in einigen Mitgliedstaaten. \u2022 Der Wohlstand pro Haushalt in einigen EU-L\u00e4ndern, die wesentlich zum EU-Haushalt beitragen, scheint geringer zu sein als in einigen anderen EU-L\u00e4ndern, die wesentlich vom EU-Haushalt und der EU profitieren. <a href=\"https:\/\/www.focus.de\/finanzen\/news\/eu vergleich-deutsche-sind-die-armen-schlucker-europas_id_259566303.html\">Programme<\/a>.<sup> <\/sup>Manche Menschen empfinden diese Situation als ungerecht.&nbsp;<\/em><\/p>\n\n\n\n<p><em>\u2022 Nicht alle Mitgliedstaaten halten sich an den Stabilit\u00e4ts- und Wachstumspakt, ohne dass die Kommission ausreichende Schritte unternimmt, um dies sicherzustellen.\u201c<\/em><\/p>\n\n\n\n<h4 class=\"wp-block-heading\"><strong>Halten Sie es f\u00fcr sinnvoll, weitere L\u00e4nder in die Union aufzunehmen?<\/strong><\/h4>\n\n\n\n<p><em>\u201eIch denke, dass es aufgrund der geografischen Lage der Balkanl\u00e4nder politisch und strategisch sinnvoll ist, der EU beizutreten. Dennoch m\u00fcssen meiner Ansicht nach die folgenden zwei Grundbedingungen erf\u00fcllt sein, bevor L\u00e4nder der EU beitreten k\u00f6nnen:&nbsp;<\/em><\/p>\n\n\n\n<p><em>a. Die <strong>Land erf\u00fcllt die Kriterien vollst\u00e4ndig <\/strong>der EU beizutreten.&nbsp;<\/em><\/p>\n\n\n\n<p><em>b. Die <strong>Die EU muss vor dem Beitritt reformiert werden <\/strong>der Aufnahme neuer Mitgliedstaaten in die EU. Andernfalls wird der heutige komplexe Entscheidungsprozess bei Beitritt weiterer L\u00e4nder mit der derzeitigen institutionellen Struktur noch komplizierter, und es besteht die Gefahr, dass die Handlungsf\u00e4higkeit der EU abnimmt.&nbsp;<\/em><\/p>\n\n\n\n<p><em>Beide Kriterien treffen auch auf die Westbalkanl\u00e4nder, die Ukraine und Moldawien zu.<\/em>&#8220;<\/p>","protected":false},"excerpt":{"rendered":"<p>Unser Manager f\u00fcr Regierungsangelegenheiten, Zoltan Kesz, interviewte k\u00fcrzlich einen Europaabgeordnetenkandidaten der Christlich Demokratischen Union Deutschlands, um seine Perspektive auf die Zukunft Europas, die Strategien, die er zur Bew\u00e4ltigung der gegenw\u00e4rtigen Herausforderungen empfiehlt, und seine Ansichten zu entscheidenden politischen Fragen zu verstehen. Was sind die gr\u00f6\u00dften Herausforderungen, vor denen die EU derzeit steht? \u201eDie gr\u00f6\u00dften Herausforderungen \u2026<\/p>","protected":false},"author":1,"featured_media":964,"comment_status":"open","ping_status":"open","sticky":false,"template":"","format":"standard","meta":{"_acf_changed":false,"_genesis_block_theme_hide_title":false,"footnotes":""},"categories":[7],"tags":[],"class_list":{"0":"post-963","1":"post","2":"type-post","3":"status-publish","4":"format-standard","5":"has-post-thumbnail","6":"hentry","7":"category-blog","9":"with-featured-image"},"acf":[],"yoast_head":"<!-- This site is optimized with the Yoast SEO plugin v25.8 - https:\/\/yoast.com\/wordpress\/plugins\/seo\/ -->\n<title>Interview with MEP candidate Birgit Weckler - Consumer Champs<\/title>\n<meta name=\"robots\" content=\"index, follow, max-snippet:-1, max-image-preview:large, max-video-preview:-1\" \/>\n<link rel=\"canonical\" href=\"https:\/\/consumerchamps.eu\/de\/interview-mit-der-europaabgeordnetenkandidatin-birgit-weckler\/\" \/>\n<meta property=\"og:locale\" content=\"de_DE\" \/>\n<meta property=\"og:type\" content=\"article\" \/>\n<meta property=\"og:title\" content=\"Interview with MEP candidate Birgit Weckler - Consumer Champs\" \/>\n<meta property=\"og:description\" content=\"Our Government affairs manager, Zoltan Kesz, recently interviewed an MEP candidate from the Christian Democratic Union of Germany to understand their perspective on the future of Europe, the strategies they recommend to address present challenges, and their opinions on crucial policy issues. What are the biggest challenges the EU is currently facing? &#8220;The biggest challenges &hellip;\" \/>\n<meta property=\"og:url\" content=\"https:\/\/consumerchamps.eu\/de\/interview-mit-der-europaabgeordnetenkandidatin-birgit-weckler\/\" \/>\n<meta property=\"og:site_name\" content=\"Consumer Champs\" \/>\n<meta property=\"article:published_time\" content=\"2024-04-17T07:50:02+00:00\" \/>\n<meta property=\"article:modified_time\" content=\"2024-04-17T08:10:58+00:00\" \/>\n<meta property=\"og:image\" content=\"https:\/\/consumerchamps.eu\/wp-content\/uploads\/2024\/04\/eu-flag-blog-image.png\" \/>\n\t<meta property=\"og:image:width\" content=\"940\" \/>\n\t<meta property=\"og:image:height\" content=\"788\" \/>\n\t<meta property=\"og:image:type\" content=\"image\/png\" \/>\n<meta name=\"author\" content=\"consumerchamps\" \/>\n<meta name=\"twitter:card\" content=\"summary_large_image\" \/>\n<meta name=\"twitter:label1\" content=\"Verfasst von\" \/>\n\t<meta name=\"twitter:data1\" content=\"consumerchamps\" \/>\n\t<meta name=\"twitter:label2\" content=\"Gesch\u00e4tzte Lesezeit\" \/>\n\t<meta name=\"twitter:data2\" content=\"10 Minuten\" \/>\n<script type=\"application\/ld+json\" class=\"yoast-schema-graph\">{\"@context\":\"https:\/\/schema.org\",\"@graph\":[{\"@type\":\"Article\",\"@id\":\"https:\/\/consumerchamps.eu\/interview-with-mep-candidate-birgit-weckler\/#article\",\"isPartOf\":{\"@id\":\"https:\/\/consumerchamps.eu\/interview-with-mep-candidate-birgit-weckler\/\"},\"author\":{\"name\":\"consumerchamps\",\"@id\":\"https:\/\/consumerchamps.eu\/pt\/#\/schema\/person\/abee610907eeed950d696296af1e6ecb\"},\"headline\":\"Interview with MEP candidate Birgit Weckler\",\"datePublished\":\"2024-04-17T07:50:02+00:00\",\"dateModified\":\"2024-04-17T08:10:58+00:00\",\"mainEntityOfPage\":{\"@id\":\"https:\/\/consumerchamps.eu\/interview-with-mep-candidate-birgit-weckler\/\"},\"wordCount\":2030,\"commentCount\":0,\"publisher\":{\"@id\":\"https:\/\/consumerchamps.eu\/pt\/#organization\"},\"image\":{\"@id\":\"https:\/\/consumerchamps.eu\/interview-with-mep-candidate-birgit-weckler\/#primaryimage\"},\"thumbnailUrl\":\"https:\/\/consumerchamps.eu\/wp-content\/uploads\/2024\/04\/eu-flag-blog-image.png\",\"articleSection\":[\"Blog\"],\"inLanguage\":\"de-DE\",\"potentialAction\":[{\"@type\":\"CommentAction\",\"name\":\"Comment\",\"target\":[\"https:\/\/consumerchamps.eu\/interview-with-mep-candidate-birgit-weckler\/#respond\"]}]},{\"@type\":\"WebPage\",\"@id\":\"https:\/\/consumerchamps.eu\/interview-with-mep-candidate-birgit-weckler\/\",\"url\":\"https:\/\/consumerchamps.eu\/interview-with-mep-candidate-birgit-weckler\/\",\"name\":\"Interview with MEP candidate Birgit Weckler - Consumer Champs\",\"isPartOf\":{\"@id\":\"https:\/\/consumerchamps.eu\/pt\/#website\"},\"primaryImageOfPage\":{\"@id\":\"https:\/\/consumerchamps.eu\/interview-with-mep-candidate-birgit-weckler\/#primaryimage\"},\"image\":{\"@id\":\"https:\/\/consumerchamps.eu\/interview-with-mep-candidate-birgit-weckler\/#primaryimage\"},\"thumbnailUrl\":\"https:\/\/consumerchamps.eu\/wp-content\/uploads\/2024\/04\/eu-flag-blog-image.png\",\"datePublished\":\"2024-04-17T07:50:02+00:00\",\"dateModified\":\"2024-04-17T08:10:58+00:00\",\"breadcrumb\":{\"@id\":\"https:\/\/consumerchamps.eu\/interview-with-mep-candidate-birgit-weckler\/#breadcrumb\"},\"inLanguage\":\"de-DE\",\"potentialAction\":[{\"@type\":\"ReadAction\",\"target\":[\"https:\/\/consumerchamps.eu\/interview-with-mep-candidate-birgit-weckler\/\"]}]},{\"@type\":\"ImageObject\",\"inLanguage\":\"de-DE\",\"@id\":\"https:\/\/consumerchamps.eu\/interview-with-mep-candidate-birgit-weckler\/#primaryimage\",\"url\":\"https:\/\/consumerchamps.eu\/wp-content\/uploads\/2024\/04\/eu-flag-blog-image.png\",\"contentUrl\":\"https:\/\/consumerchamps.eu\/wp-content\/uploads\/2024\/04\/eu-flag-blog-image.png\",\"width\":940,\"height\":788},{\"@type\":\"BreadcrumbList\",\"@id\":\"https:\/\/consumerchamps.eu\/interview-with-mep-candidate-birgit-weckler\/#breadcrumb\",\"itemListElement\":[{\"@type\":\"ListItem\",\"position\":1,\"name\":\"Home\",\"item\":\"https:\/\/consumerchamps.eu\/pt\/\"},{\"@type\":\"ListItem\",\"position\":2,\"name\":\"Interview with MEP candidate Birgit Weckler\"}]},{\"@type\":\"WebSite\",\"@id\":\"https:\/\/consumerchamps.eu\/pt\/#website\",\"url\":\"https:\/\/consumerchamps.eu\/pt\/\",\"name\":\"Consumer Champs\",\"description\":\"Empowering Voices, Inspiring Change: Where Consumer Champions Shape Tomorrow&#039;s Choices\",\"publisher\":{\"@id\":\"https:\/\/consumerchamps.eu\/pt\/#organization\"},\"potentialAction\":[{\"@type\":\"SearchAction\",\"target\":{\"@type\":\"EntryPoint\",\"urlTemplate\":\"https:\/\/consumerchamps.eu\/pt\/?s={search_term_string}\"},\"query-input\":{\"@type\":\"PropertyValueSpecification\",\"valueRequired\":true,\"valueName\":\"search_term_string\"}}],\"inLanguage\":\"de-DE\"},{\"@type\":\"Organization\",\"@id\":\"https:\/\/consumerchamps.eu\/pt\/#organization\",\"name\":\"Consumer Champs\",\"url\":\"https:\/\/consumerchamps.eu\/pt\/\",\"logo\":{\"@type\":\"ImageObject\",\"inLanguage\":\"de-DE\",\"@id\":\"https:\/\/consumerchamps.eu\/pt\/#\/schema\/logo\/image\/\",\"url\":\"https:\/\/consumerchamps.eu\/wp-content\/uploads\/2023\/11\/CC_Logo_Gold.png\",\"contentUrl\":\"https:\/\/consumerchamps.eu\/wp-content\/uploads\/2023\/11\/CC_Logo_Gold.png\",\"width\":199,\"height\":78,\"caption\":\"Consumer Champs\"},\"image\":{\"@id\":\"https:\/\/consumerchamps.eu\/pt\/#\/schema\/logo\/image\/\"}},{\"@type\":\"Person\",\"@id\":\"https:\/\/consumerchamps.eu\/pt\/#\/schema\/person\/abee610907eeed950d696296af1e6ecb\",\"name\":\"consumerchamps\",\"image\":{\"@type\":\"ImageObject\",\"inLanguage\":\"de-DE\",\"@id\":\"https:\/\/consumerchamps.eu\/pt\/#\/schema\/person\/image\/\",\"url\":\"https:\/\/secure.gravatar.com\/avatar\/60494a730db86c4adb95d91824cf7b3210e83da78c8216541583cf81f8626eb3?s=96&d=mm&r=g\",\"contentUrl\":\"https:\/\/secure.gravatar.com\/avatar\/60494a730db86c4adb95d91824cf7b3210e83da78c8216541583cf81f8626eb3?s=96&d=mm&r=g\",\"caption\":\"consumerchamps\"},\"sameAs\":[\"https:\/\/consumerchamps.wpenginepowered.com\"],\"url\":\"https:\/\/consumerchamps.eu\/de\/author\/consumerchamps\/\"}]}<\/script>\n<!-- \/ Yoast SEO plugin. -->","yoast_head_json":{"title":"Interview mit EU-Abgeordnetenkandidatin Birgit Weckler - Consumer Champs","robots":{"index":"index","follow":"follow","max-snippet":"max-snippet:-1","max-image-preview":"max-image-preview:large","max-video-preview":"max-video-preview:-1"},"canonical":"https:\/\/consumerchamps.eu\/de\/interview-mit-der-europaabgeordnetenkandidatin-birgit-weckler\/","og_locale":"de_DE","og_type":"article","og_title":"Interview with MEP candidate Birgit Weckler - Consumer Champs","og_description":"Our Government affairs manager, Zoltan Kesz, recently interviewed an MEP candidate from the Christian Democratic Union of Germany to understand their perspective on the future of Europe, the strategies they recommend to address present challenges, and their opinions on crucial policy issues. What are the biggest challenges the EU is currently facing? &#8220;The biggest challenges &hellip;","og_url":"https:\/\/consumerchamps.eu\/de\/interview-mit-der-europaabgeordnetenkandidatin-birgit-weckler\/","og_site_name":"Consumer Champs","article_published_time":"2024-04-17T07:50:02+00:00","article_modified_time":"2024-04-17T08:10:58+00:00","og_image":[{"width":940,"height":788,"url":"https:\/\/consumerchamps.eu\/wp-content\/uploads\/2024\/04\/eu-flag-blog-image.png","type":"image\/png"}],"author":"consumerchamps","twitter_card":"summary_large_image","twitter_misc":{"Verfasst von":"consumerchamps","Gesch\u00e4tzte Lesezeit":"10 Minuten"},"schema":{"@context":"https:\/\/schema.org","@graph":[{"@type":"Article","@id":"https:\/\/consumerchamps.eu\/interview-with-mep-candidate-birgit-weckler\/#article","isPartOf":{"@id":"https:\/\/consumerchamps.eu\/interview-with-mep-candidate-birgit-weckler\/"},"author":{"name":"consumerchamps","@id":"https:\/\/consumerchamps.eu\/pt\/#\/schema\/person\/abee610907eeed950d696296af1e6ecb"},"headline":"Interview with MEP candidate Birgit Weckler","datePublished":"2024-04-17T07:50:02+00:00","dateModified":"2024-04-17T08:10:58+00:00","mainEntityOfPage":{"@id":"https:\/\/consumerchamps.eu\/interview-with-mep-candidate-birgit-weckler\/"},"wordCount":2030,"commentCount":0,"publisher":{"@id":"https:\/\/consumerchamps.eu\/pt\/#organization"},"image":{"@id":"https:\/\/consumerchamps.eu\/interview-with-mep-candidate-birgit-weckler\/#primaryimage"},"thumbnailUrl":"https:\/\/consumerchamps.eu\/wp-content\/uploads\/2024\/04\/eu-flag-blog-image.png","articleSection":["Blog"],"inLanguage":"de-DE","potentialAction":[{"@type":"CommentAction","name":"Comment","target":["https:\/\/consumerchamps.eu\/interview-with-mep-candidate-birgit-weckler\/#respond"]}]},{"@type":"WebPage","@id":"https:\/\/consumerchamps.eu\/interview-with-mep-candidate-birgit-weckler\/","url":"https:\/\/consumerchamps.eu\/interview-with-mep-candidate-birgit-weckler\/","name":"Interview mit EU-Abgeordnetenkandidatin Birgit Weckler - Consumer Champs","isPartOf":{"@id":"https:\/\/consumerchamps.eu\/pt\/#website"},"primaryImageOfPage":{"@id":"https:\/\/consumerchamps.eu\/interview-with-mep-candidate-birgit-weckler\/#primaryimage"},"image":{"@id":"https:\/\/consumerchamps.eu\/interview-with-mep-candidate-birgit-weckler\/#primaryimage"},"thumbnailUrl":"https:\/\/consumerchamps.eu\/wp-content\/uploads\/2024\/04\/eu-flag-blog-image.png","datePublished":"2024-04-17T07:50:02+00:00","dateModified":"2024-04-17T08:10:58+00:00","breadcrumb":{"@id":"https:\/\/consumerchamps.eu\/interview-with-mep-candidate-birgit-weckler\/#breadcrumb"},"inLanguage":"de-DE","potentialAction":[{"@type":"ReadAction","target":["https:\/\/consumerchamps.eu\/interview-with-mep-candidate-birgit-weckler\/"]}]},{"@type":"ImageObject","inLanguage":"de-DE","@id":"https:\/\/consumerchamps.eu\/interview-with-mep-candidate-birgit-weckler\/#primaryimage","url":"https:\/\/consumerchamps.eu\/wp-content\/uploads\/2024\/04\/eu-flag-blog-image.png","contentUrl":"https:\/\/consumerchamps.eu\/wp-content\/uploads\/2024\/04\/eu-flag-blog-image.png","width":940,"height":788},{"@type":"BreadcrumbList","@id":"https:\/\/consumerchamps.eu\/interview-with-mep-candidate-birgit-weckler\/#breadcrumb","itemListElement":[{"@type":"ListItem","position":1,"name":"Home","item":"https:\/\/consumerchamps.eu\/pt\/"},{"@type":"ListItem","position":2,"name":"Interview with MEP candidate Birgit Weckler"}]},{"@type":"WebSite","@id":"https:\/\/consumerchamps.eu\/pt\/#website","url":"https:\/\/consumerchamps.eu\/pt\/","name":"Consumer Champs","description":"Stimmen st\u00e4rken, Ver\u00e4nderungen anregen: Wo Verbrauchersch\u00fctzer die Entscheidungen von morgen pr\u00e4gen","publisher":{"@id":"https:\/\/consumerchamps.eu\/pt\/#organization"},"potentialAction":[{"@type":"SearchAction","target":{"@type":"EntryPoint","urlTemplate":"https:\/\/consumerchamps.eu\/pt\/?s={search_term_string}"},"query-input":{"@type":"PropertyValueSpecification","valueRequired":true,"valueName":"search_term_string"}}],"inLanguage":"de-DE"},{"@type":"Organization","@id":"https:\/\/consumerchamps.eu\/pt\/#organization","name":"Consumer Champs","url":"https:\/\/consumerchamps.eu\/pt\/","logo":{"@type":"ImageObject","inLanguage":"de-DE","@id":"https:\/\/consumerchamps.eu\/pt\/#\/schema\/logo\/image\/","url":"https:\/\/consumerchamps.eu\/wp-content\/uploads\/2023\/11\/CC_Logo_Gold.png","contentUrl":"https:\/\/consumerchamps.eu\/wp-content\/uploads\/2023\/11\/CC_Logo_Gold.png","width":199,"height":78,"caption":"Consumer Champs"},"image":{"@id":"https:\/\/consumerchamps.eu\/pt\/#\/schema\/logo\/image\/"}},{"@type":"Person","@id":"https:\/\/consumerchamps.eu\/pt\/#\/schema\/person\/abee610907eeed950d696296af1e6ecb","name":"Verbraucherchamps","image":{"@type":"ImageObject","inLanguage":"de-DE","@id":"https:\/\/consumerchamps.eu\/pt\/#\/schema\/person\/image\/","url":"https:\/\/secure.gravatar.com\/avatar\/60494a730db86c4adb95d91824cf7b3210e83da78c8216541583cf81f8626eb3?s=96&d=mm&r=g","contentUrl":"https:\/\/secure.gravatar.com\/avatar\/60494a730db86c4adb95d91824cf7b3210e83da78c8216541583cf81f8626eb3?s=96&d=mm&r=g","caption":"consumerchamps"},"sameAs":["https:\/\/consumerchamps.wpenginepowered.com"],"url":"https:\/\/consumerchamps.eu\/de\/author\/consumerchamps\/"}]}},"featured_image_src":"https:\/\/consumerchamps.eu\/wp-content\/uploads\/2024\/04\/eu-flag-blog-image-600x400.png","featured_image_src_square":"https:\/\/consumerchamps.eu\/wp-content\/uploads\/2024\/04\/eu-flag-blog-image-600x600.png","author_info":{"display_name":"consumerchamps","author_link":"https:\/\/consumerchamps.eu\/de\/author\/consumerchamps\/"},"_links":{"self":[{"href":"https:\/\/consumerchamps.eu\/de\/wp-json\/wp\/v2\/posts\/963","targetHints":{"allow":["GET"]}}],"collection":[{"href":"https:\/\/consumerchamps.eu\/de\/wp-json\/wp\/v2\/posts"}],"about":[{"href":"https:\/\/consumerchamps.eu\/de\/wp-json\/wp\/v2\/types\/post"}],"author":[{"embeddable":true,"href":"https:\/\/consumerchamps.eu\/de\/wp-json\/wp\/v2\/users\/1"}],"replies":[{"embeddable":true,"href":"https:\/\/consumerchamps.eu\/de\/wp-json\/wp\/v2\/comments?post=963"}],"version-history":[{"count":0,"href":"https:\/\/consumerchamps.eu\/de\/wp-json\/wp\/v2\/posts\/963\/revisions"}],"wp:featuredmedia":[{"embeddable":true,"href":"https:\/\/consumerchamps.eu\/de\/wp-json\/wp\/v2\/media\/964"}],"wp:attachment":[{"href":"https:\/\/consumerchamps.eu\/de\/wp-json\/wp\/v2\/media?parent=963"}],"wp:term":[{"taxonomy":"category","embeddable":true,"href":"https:\/\/consumerchamps.eu\/de\/wp-json\/wp\/v2\/categories?post=963"},{"taxonomy":"post_tag","embeddable":true,"href":"https:\/\/consumerchamps.eu\/de\/wp-json\/wp\/v2\/tags?post=963"}],"curies":[{"name":"wp","href":"https:\/\/api.w.org\/{rel}","templated":true}]}}