{"id":932,"date":"2024-04-15T11:40:00","date_gmt":"2024-04-15T11:40:00","guid":{"rendered":"https:\/\/consumerchamps.eu\/?p=932"},"modified":"2024-04-15T12:11:29","modified_gmt":"2024-04-15T12:11:29","slug":"entrevista-con-el-candidato-al-eurodiputado-philip-johansson","status":"publish","type":"post","link":"https:\/\/consumerchamps.eu\/es\/entrevista-con-el-candidato-al-eurodiputado-philip-johansson\/","title":{"rendered":"Entrevista con el candidato al eurodiputado Philip Johansson"},"content":{"rendered":"<p><em><strong>Nuestro responsable de asuntos gubernamentales, Zoltan Kesz, entrevist\u00f3 a un candidato del partido sueco Pirate al Parlamento Europeo.&nbsp;<\/strong><\/em><strong><em>La conversaci\u00f3n busc\u00f3 comprender sus perspectivas sobre el futuro de Europa, las estrategias que recomiendan para abordar los problemas actuales y su posici\u00f3n sobre cuestiones pol\u00edticas importantes.<\/em><\/strong><\/p>\n\n\n\n<p><strong>\u00bfCu\u00e1les son los mayores desaf\u00edos a los que se enfrenta actualmente la UE?<\/strong><\/p>\n\n\n\n<p><em>\u201cEl mayor problema al que se enfrenta la UE es c\u00f3mo ciertos Estados miembros, as\u00ed como la propia Comisi\u00f3n de la UE, cuestionan el Estado de derecho y los derechos humanos en cuestiones como el control del chat.<\/em><\/p>\n\n\n\n<p><em>La proliferaci\u00f3n de estados policiales iliberales en Europa es resultado de la continua expansi\u00f3n de la vigilancia masiva, cuya lucha es mi principal objetivo pol\u00edtico. Lo primero que hay que reconocer es que ya no existe una distinci\u00f3n entre vigilancia masiva estatal y corporativa; La vigilancia estatal se realiza principalmente a trav\u00e9s de puertas traseras que permiten el acceso a los datos recopilados por las empresas.<\/em><\/p>\n\n\n\n<p><em>Estas corporaciones, a su vez, aseguran su derecho continuo a explotar los datos de los consumidores a trav\u00e9s de esfuerzos regulatorios y de lobby, como la nota de pol\u00edtica &quot;Datos y privacidad del consumidor&quot; del Consumer Choice Center, un documento que parecer\u00eda convincente s\u00f3lo para aquellos legisladores sin experiencia en tecnolog\u00eda. .\u201d<\/em><\/p>\n\n\n\n<p><strong>\u00bfCu\u00e1l es su visi\u00f3n de Europa en la pr\u00f3xima d\u00e9cada?<\/strong><\/p>\n\n\n\n<p><em>\u201cMi visi\u00f3n es la de una Europa saludable que siga haciendo lo que mejor sabe hacer, como la protecci\u00f3n de los derechos civiles, y especialmente de los consumidores, y los beneficios que eso conlleva, no s\u00f3lo en una mayor libertad individual, sino tambi\u00e9n en la prosperidad a largo plazo de todo el mundo. Uni\u00f3n.<\/em><\/p>\n\n\n\n<p><em>Un gran ejemplo de c\u00f3mo promover la competencia de una manera que proteja la innovaci\u00f3n es la implementaci\u00f3n del mandato de cargador com\u00fan de la UE, donde se design\u00f3 a un organismo de est\u00e1ndares de la industria para decidir sobre el conector espec\u00edfico, y se le otorg\u00f3 el mandato de cambiar ese est\u00e1ndar en el futuro. Esto evita la dependencia del consumidor y al mismo tiempo permite la innovaci\u00f3n futura.<\/em><\/p>\n\n\n\n<p><em>Un mercado que funcione depende de que un consumidor genuinamente informado elija entre m\u00faltiples productos o servicios significativamente diferentes que compitan genuinamente entre s\u00ed. Toda regulaci\u00f3n del mercado deber\u00eda esforzarse por fortalecer estas condiciones subyacentes\u201d.<\/em><\/p>\n\n\n\n<p><strong>\u00bfC\u00f3mo ve el papel de la IA en el futuro pr\u00f3ximo? \u00bfQu\u00e9 opinas de regularlo?<\/strong><\/p>\n\n\n\n<p><em>\u201cCreo que hay que tener cuidado al regular la IA generativa de tal manera que aumente las barreras de entrada a este nuevo espacio, donde es vital un mercado saludable con muchos competidores fuertes. En mi opini\u00f3n, las regulaciones sobre c\u00f3mo se puede utilizar la IA generativa y c\u00f3mo se difunden sus productos son innecesarias. La desinformaci\u00f3n, las im\u00e1genes manipuladas y similares no son problemas nuevos; podemos utilizar las herramientas que ya tenemos para combatir esos males.<\/em><\/p>\n\n\n\n<p><em>Creo que las regulaciones apropiadas son aquellas que reducen las barreras de entrada, al mismo tiempo que limitan el comportamiento anticompetitivo y controlan a las empresas que se acercan al estatus de monopolio. Ejemplos de ello ser\u00edan las regulaciones que promueven modelos de c\u00f3digo abierto, que pueden ejecutarse en hardware de consumo, en lugar de soluciones patentadas en la nube.<\/em><\/p>\n\n\n\n<p><em>Dejando a un lado la IA generativa, tambi\u00e9n existen otros tipos, como los sistemas empleados al servicio de la vigilancia masiva. Debido a que son vulnerables a nuevos tipos de abuso por parte de los gobiernos y otras entidades poderosas, deber\u00edan regularse. Creo que la ley de IA recientemente aprobada es un paso en la direcci\u00f3n correcta, pero las excepciones para las autoridades policiales y migratorias son una gran decepci\u00f3n y permiten niveles dist\u00f3picos de extralimitaci\u00f3n automatizada del Estado. Tambi\u00e9n soy esc\u00e9ptico sobre c\u00f3mo la ley espera que los proveedores de sistemas de alto riesgo simplemente se auto clasifiquen como tales. El respeto de los derechos individuales no deber\u00eda ser una opci\u00f3n\u201d.<\/em><\/p>\n\n\n\n<p><strong>\u00bfC\u00f3mo se beneficia Europa de los acuerdos de libre comercio?<\/strong><\/p>\n\n\n\n<p><em>\u201cA trav\u00e9s del simple principio de ventaja competitiva. Si, por ejemplo, la producci\u00f3n de alg\u00fan producto depende de econom\u00edas de escala para ser competitiva, tal vez el mercado interno de la UE s\u00f3lo pueda sustentar a una de esas empresas. Eso conducir\u00eda a la monopolizaci\u00f3n del mercado, a menos que luego podamos ampliar el mercado para compartirlo entre la UE y otras econom\u00edas amigas. El objetivo principal de los acuerdos de libre comercio deber\u00eda ser lo \u00fanico que han demostrado que realmente pueden lograr: aumentar la prosperidad de las partes involucradas.<\/em><\/p>\n\n\n\n<p><em>Sin embargo, no soy ingenuo respecto de los riesgos que los acuerdos de libre comercio podr\u00edan crear a trav\u00e9s de una excesiva dependencia de las importaciones de pa\u00edses que pueden resultar menos amigables de lo que se pensaba inicialmente. Para beneficiarnos al m\u00e1ximo de los acuerdos de libre comercio, deber\u00edamos esforzarnos por que la UE sea autosuficiente si fuera necesario, como efecto secundario, eso significar\u00eda tambi\u00e9n competidores nacionales en mercados clave, asegurando que los consumidores europeos siempre tengan la opci\u00f3n de elegir proveedores de cualquier bien o servicio que deseen comprar.<\/em><\/p>\n\n\n\n<p><em>Adem\u00e1s, no debemos permitir que los acuerdos de libre comercio socaven nuestra legislaci\u00f3n en \u00e1reas en las que ya somos l\u00edderes mundiales, ni nos obliguen a importar malas leyes, como los requisitos de propiedad intelectual similares al ACTA en el TTIP propuesto. Los acuerdos de libre comercio bien elaborados permiten, en cambio, que las normas de la UE protejan incluso a quienes viven fuera de los pa\u00edses miembros\u201d.<\/em><\/p>\n\n\n\n<p><strong>Muchos pol\u00edticos hablan de diversificaci\u00f3n energ\u00e9tica. \u00bfCu\u00e1l es, en tu opini\u00f3n, la soluci\u00f3n ideal?<\/strong><\/p>\n\n\n\n<p><em>\u201cEl suministro de energ\u00eda depende en gran medida tanto de factores geogr\u00e1ficos como econ\u00f3micos. Mi pa\u00eds de origen, Suecia, tiene una geograf\u00eda muy beneficiosa que permite la producci\u00f3n de grandes cantidades de energ\u00eda hidroel\u00e9ctrica. No todos los pa\u00edses lo hacen, por lo que creo que la \u00fanica iniciativa de gasto p\u00fablico necesaria deber\u00eda ser seguir desarrollando la red energ\u00e9tica de la UE para permitir a aquellos de nosotros que tenemos la bendici\u00f3n de la geograf\u00eda proporcionar a otros energ\u00eda verde. Esas ampliaciones de la infraestructura energ\u00e9tica tambi\u00e9n permitir\u00edan una mayor proporci\u00f3n de energ\u00eda verde intermitente para cualquier pa\u00eds, ya que cualquier excedente podr\u00eda venderse en el mercado \u00fanico europeo, que, debido a su escala, ser\u00e1 naturalmente menos propenso a grandes fluctuaciones de precios.<\/em><\/p>\n\n\n\n<p><em>Incluso con una red m\u00e1s integrada, seguir\u00edamos necesitando energ\u00eda de carga base, y aunque creo que se podr\u00eda lograr mucho mediante precios por hora y las llamadas \u201credes inteligentes\u201d, as\u00ed como una expansi\u00f3n de la energ\u00eda hidroel\u00e9ctrica de bombeo, Probablemente todav\u00eda necesitemos mucha energ\u00eda nuclear. La energ\u00eda nuclear es la \u00fanica energ\u00eda despachable libre de carbono (en su mayor parte) independiente de la geograf\u00eda, pero dado que hist\u00f3ricamente ha requerido grandes subsidios gubernamentales para seguir siendo competitiva, una minimizaci\u00f3n de estos subsidios es generalmente deseable, pero puede conducir a una disminuci\u00f3n en el uso de la energ\u00eda nuclear. lo cual es aceptable s\u00f3lo mientras no conduzca a un aumento en el uso de combustibles f\u00f3siles.<\/em><\/p>\n\n\n\n<p><em>Es importante destacar que tambi\u00e9n necesitamos desesperadamente reducir nuestra dependencia de los combustibles f\u00f3siles, y creo que la manera m\u00e1s efectiva de hacerlo es utilizando las fuerzas del mercado para imponer un costo financiero por las externalidades negativas que constituyen las emisiones. En otros pa\u00edses, eso podr\u00eda lograrse mediante un impuesto al carbono, pero la UE utiliza un sistema de l\u00edmites m\u00e1ximos y comercio. Las ventajas y desventajas de estos enfoques se pueden discutir en otra parte, pero en nuestro sistema actual, lo que se necesitar\u00eda es una mayor limitaci\u00f3n de la concesi\u00f3n de cr\u00e9ditos de carbono, para compensar las emisiones causadas durante la fijaci\u00f3n de precios ineficaces durante la d\u00e9cada de 2010\u201d.<\/em><\/p>\n\n\n\n<p><strong>\u00bfCual prefieres y porque? \u00bfInnovaci\u00f3n versus regulaci\u00f3n?<\/strong><\/p>\n\n\n\n<p>&#8220;<em>\u00c9sa es una pregunta extra\u00f1a. Innovaci\u00f3n, por supuesto. Obviamente, todos piensan que apoyan la innovaci\u00f3n y que la regulaci\u00f3n que apoyan es necesaria, mientras que la regulaci\u00f3n propuesta por otros es una extralimitaci\u00f3n del gobierno.<\/em><\/p>\n\n\n\n<p><em>El Consumer Choice Center, por ejemplo, parece querer ser visto como fuertemente contrario a la regulaci\u00f3n, pero usted tambi\u00e9n apoya que el gobierno otorgue derechos de monopolio a millones de empresas cada a\u00f1o en forma de&nbsp;<br>propiedad intelectual. En mi opini\u00f3n, las patentes y los derechos de autor son las regulaciones que imponen los mayores impedimentos a la innovaci\u00f3n, y en gran medida siguen siendo incuestionables. Estos conceptos fueron dise\u00f1ados hace cientos de a\u00f1os y aplicados durante per\u00edodos de tiempo significativamente m\u00e1s cortos, y desde entonces, a pesar de que el ritmo de la tecnolog\u00eda y la cultura se acelera en \u00f3rdenes de magnitud, su alcance y la duraci\u00f3n de sus t\u00e9rminos han crecido hasta proporciones rid\u00edculas.<\/em><\/p>\n\n\n\n<p><em>Esto incluye, por supuesto, medidas desproporcionadas para hacer cumplir la ley, como las de la Directiva sobre derechos de autor en el mercado \u00fanico digital, que dejan de lado los derechos de los ciudadanos y consumidores en beneficio de la b\u00fasqueda de rentas por parte de grandes titulares de derechos corporativos.<\/em><\/p>\n\n\n\n<p><em>Su colaboraci\u00f3n con el ECR, \u201cEl caso del consumidor a favor de la propiedad intelectual\u201d, es un extra\u00f1o truco propagand\u00edstico que delata que cuando los intereses de los consumidores y las grandes empresas est\u00e1n en desacuerdo, usted ya no se pone del lado&nbsp;<br>con el consumidor\u201d.<\/em><\/p>\n\n\n\n<p><strong>\u00bfQu\u00e9 preocupa a sus electores respecto a la Uni\u00f3n Europea?<\/strong><\/p>\n\n\n\n<p><em>\u201cCreo que muchos encuentran la UE confusa y opaca, lo que a m\u00ed me parece principalmente un problema de cobertura medi\u00e1tica competente. Espero continuar la tradici\u00f3n del Partido Pirate de proporcionar informaci\u00f3n transparente y comprensible tanto a periodistas como a ciudadanos.<\/em><\/p>\n\n\n\n<p><em>Aquellos a los que espero representar en particular son los m\u00e1s preocupados por el derecho a la privacidad en un mundo en el que la vigilancia masiva es cada vez mayor, y por conducir a la UE en una direcci\u00f3n que proteja a sus ciudadanos, en lugar de&nbsp;<br>contribuyendo a\u00fan m\u00e1s a dicha vigilancia\u201d.<\/em><\/p>\n\n\n\n<p><strong>\u00bfCree que es prudente aceptar m\u00e1s pa\u00edses en la Uni\u00f3n?<\/strong><\/p>\n\n\n\n<p><em>\u201cA largo plazo, absolutamente. Sin embargo, es necesario pensar en cu\u00e1l ser\u00eda su impacto en el clima pol\u00edtico europeo, as\u00ed como en el mercado \u00fanico. Si Ucrania se uniera a la UE, o tal vez cu\u00e1ndo, eso provocar\u00eda un caos total en el mercado agr\u00edcola, con los correspondientes subsidios, ya que su notable capacidad para producir cereales superar\u00eda a casi todos los actuales productores de cereales de la UE.<\/em><\/p>\n\n\n\n<p><em>Si, por ejemplo, Serbia se uniera, el impacto podr\u00eda sentirse con mayor fuerza en la dimensi\u00f3n pol\u00edtica, ya que probablemente se alinear\u00edan con Polonia y Hungr\u00eda, profundizando la brecha ideol\u00f3gica que ya se est\u00e1 formando.&nbsp;<br>entre los pa\u00edses miembros, una brecha que ya es un impedimento para la capacidad de la UE de operar con eficacia.<\/em><\/p>\n\n\n\n<p><em>Sin embargo, si se pudieran superar desaf\u00edos como estos, creo que la gente tanto de los pa\u00edses miembros actuales como de los nuevos estar\u00edan mucho mejor juntos\u201d.<\/em><\/p>","protected":false},"excerpt":{"rendered":"<p>Nuestro responsable de asuntos gubernamentales, Zoltan Kesz, entrevist\u00f3 a un candidato del partido sueco Pirate al Parlamento Europeo. La conversaci\u00f3n busc\u00f3 comprender sus perspectivas sobre el futuro de Europa, las estrategias que recomiendan para abordar los problemas actuales y su posici\u00f3n sobre cuestiones pol\u00edticas importantes. \u00bfCu\u00e1les son los mayores desaf\u00edos a los que se enfrenta actualmente la UE? \u201cEl m\u00e1s grande\u2026<\/p>","protected":false},"author":1,"featured_media":933,"comment_status":"open","ping_status":"open","sticky":false,"template":"","format":"standard","meta":{"_acf_changed":false,"_genesis_block_theme_hide_title":false,"footnotes":""},"categories":[7],"tags":[],"class_list":{"0":"post-932","1":"post","2":"type-post","3":"status-publish","4":"format-standard","5":"has-post-thumbnail","6":"hentry","7":"category-blog","9":"with-featured-image"},"acf":[],"yoast_head":"<!-- This site is optimized with the Yoast SEO plugin v25.8 - https:\/\/yoast.com\/wordpress\/plugins\/seo\/ -->\n<title>Interview with MEP candidate Philip Johansson - Consumer Champs<\/title>\n<meta name=\"robots\" content=\"index, follow, max-snippet:-1, max-image-preview:large, max-video-preview:-1\" \/>\n<link rel=\"canonical\" href=\"https:\/\/consumerchamps.eu\/es\/entrevista-con-el-candidato-al-eurodiputado-philip-johansson\/\" \/>\n<meta property=\"og:locale\" content=\"es_ES\" \/>\n<meta property=\"og:type\" content=\"article\" \/>\n<meta property=\"og:title\" content=\"Interview with MEP candidate Philip Johansson - Consumer Champs\" \/>\n<meta property=\"og:description\" content=\"Our government affairs manager, Zoltan Kesz, interviewed a candidate from Sweden&#8217;s Pirate Party for the European Parliament.&nbsp;The conversation sought to understand their perspectives on the future of Europe, the strategies they recommend for addressing present issues, and their position on important policy issues. What are the biggest challenges the EU is currently facing? &#8220;The biggest &hellip;\" \/>\n<meta property=\"og:url\" content=\"https:\/\/consumerchamps.eu\/es\/entrevista-con-el-candidato-al-eurodiputado-philip-johansson\/\" \/>\n<meta property=\"og:site_name\" content=\"Consumer Champs\" \/>\n<meta property=\"article:published_time\" content=\"2024-04-15T11:40:00+00:00\" \/>\n<meta property=\"article:modified_time\" content=\"2024-04-15T12:11:29+00:00\" \/>\n<meta property=\"og:image\" content=\"https:\/\/consumerchamps.eu\/wp-content\/uploads\/2024\/04\/eu-parliament-blog-image-1.png\" \/>\n\t<meta property=\"og:image:width\" content=\"940\" \/>\n\t<meta property=\"og:image:height\" content=\"788\" \/>\n\t<meta property=\"og:image:type\" content=\"image\/png\" \/>\n<meta name=\"author\" content=\"consumerchamps\" \/>\n<meta name=\"twitter:card\" content=\"summary_large_image\" \/>\n<meta name=\"twitter:label1\" content=\"Escrito por\" \/>\n\t<meta name=\"twitter:data1\" content=\"consumerchamps\" \/>\n\t<meta name=\"twitter:label2\" content=\"Tiempo de lectura\" \/>\n\t<meta name=\"twitter:data2\" content=\"9 minutos\" \/>\n<script type=\"application\/ld+json\" class=\"yoast-schema-graph\">{\"@context\":\"https:\/\/schema.org\",\"@graph\":[{\"@type\":\"Article\",\"@id\":\"https:\/\/consumerchamps.eu\/el\/\u03c3\u03c5\u03bd\u03ad\u03bd\u03c4\u03b5\u03c5\u03be\u03b7-\u03bc\u03b5-\u03c4\u03bf\u03bd-\u03c5\u03c0\u03bf\u03c8\u03ae\u03c6\u03b9\u03bf-\u03b2\u03bf\u03c5\u03bb\u03b5\u03c5\u03c4\u03ae-\u03c6\/#article\",\"isPartOf\":{\"@id\":\"https:\/\/consumerchamps.eu\/el\/\u03c3\u03c5\u03bd\u03ad\u03bd\u03c4\u03b5\u03c5\u03be\u03b7-\u03bc\u03b5-\u03c4\u03bf\u03bd-\u03c5\u03c0\u03bf\u03c8\u03ae\u03c6\u03b9\u03bf-\u03b2\u03bf\u03c5\u03bb\u03b5\u03c5\u03c4\u03ae-\u03c6\/\"},\"author\":{\"name\":\"consumerchamps\",\"@id\":\"https:\/\/consumerchamps.eu\/pt\/#\/schema\/person\/abee610907eeed950d696296af1e6ecb\"},\"headline\":\"Interview with MEP candidate Philip Johansson\",\"datePublished\":\"2024-04-15T11:40:00+00:00\",\"dateModified\":\"2024-04-15T12:11:29+00:00\",\"mainEntityOfPage\":{\"@id\":\"https:\/\/consumerchamps.eu\/el\/\u03c3\u03c5\u03bd\u03ad\u03bd\u03c4\u03b5\u03c5\u03be\u03b7-\u03bc\u03b5-\u03c4\u03bf\u03bd-\u03c5\u03c0\u03bf\u03c8\u03ae\u03c6\u03b9\u03bf-\u03b2\u03bf\u03c5\u03bb\u03b5\u03c5\u03c4\u03ae-\u03c6\/\"},\"wordCount\":1730,\"commentCount\":0,\"publisher\":{\"@id\":\"https:\/\/consumerchamps.eu\/pt\/#organization\"},\"image\":{\"@id\":\"https:\/\/consumerchamps.eu\/el\/\u03c3\u03c5\u03bd\u03ad\u03bd\u03c4\u03b5\u03c5\u03be\u03b7-\u03bc\u03b5-\u03c4\u03bf\u03bd-\u03c5\u03c0\u03bf\u03c8\u03ae\u03c6\u03b9\u03bf-\u03b2\u03bf\u03c5\u03bb\u03b5\u03c5\u03c4\u03ae-\u03c6\/#primaryimage\"},\"thumbnailUrl\":\"https:\/\/consumerchamps.eu\/wp-content\/uploads\/2024\/04\/eu-parliament-blog-image-1.png\",\"articleSection\":[\"Blog\"],\"inLanguage\":\"es\",\"potentialAction\":[{\"@type\":\"CommentAction\",\"name\":\"Comment\",\"target\":[\"https:\/\/consumerchamps.eu\/el\/\u03c3\u03c5\u03bd\u03ad\u03bd\u03c4\u03b5\u03c5\u03be\u03b7-\u03bc\u03b5-\u03c4\u03bf\u03bd-\u03c5\u03c0\u03bf\u03c8\u03ae\u03c6\u03b9\u03bf-\u03b2\u03bf\u03c5\u03bb\u03b5\u03c5\u03c4\u03ae-\u03c6\/#respond\"]}]},{\"@type\":\"WebPage\",\"@id\":\"https:\/\/consumerchamps.eu\/el\/\u03c3\u03c5\u03bd\u03ad\u03bd\u03c4\u03b5\u03c5\u03be\u03b7-\u03bc\u03b5-\u03c4\u03bf\u03bd-\u03c5\u03c0\u03bf\u03c8\u03ae\u03c6\u03b9\u03bf-\u03b2\u03bf\u03c5\u03bb\u03b5\u03c5\u03c4\u03ae-\u03c6\/\",\"url\":\"https:\/\/consumerchamps.eu\/el\/\u03c3\u03c5\u03bd\u03ad\u03bd\u03c4\u03b5\u03c5\u03be\u03b7-\u03bc\u03b5-\u03c4\u03bf\u03bd-\u03c5\u03c0\u03bf\u03c8\u03ae\u03c6\u03b9\u03bf-\u03b2\u03bf\u03c5\u03bb\u03b5\u03c5\u03c4\u03ae-\u03c6\/\",\"name\":\"Interview with MEP candidate Philip Johansson - Consumer Champs\",\"isPartOf\":{\"@id\":\"https:\/\/consumerchamps.eu\/pt\/#website\"},\"primaryImageOfPage\":{\"@id\":\"https:\/\/consumerchamps.eu\/el\/\u03c3\u03c5\u03bd\u03ad\u03bd\u03c4\u03b5\u03c5\u03be\u03b7-\u03bc\u03b5-\u03c4\u03bf\u03bd-\u03c5\u03c0\u03bf\u03c8\u03ae\u03c6\u03b9\u03bf-\u03b2\u03bf\u03c5\u03bb\u03b5\u03c5\u03c4\u03ae-\u03c6\/#primaryimage\"},\"image\":{\"@id\":\"https:\/\/consumerchamps.eu\/el\/\u03c3\u03c5\u03bd\u03ad\u03bd\u03c4\u03b5\u03c5\u03be\u03b7-\u03bc\u03b5-\u03c4\u03bf\u03bd-\u03c5\u03c0\u03bf\u03c8\u03ae\u03c6\u03b9\u03bf-\u03b2\u03bf\u03c5\u03bb\u03b5\u03c5\u03c4\u03ae-\u03c6\/#primaryimage\"},\"thumbnailUrl\":\"https:\/\/consumerchamps.eu\/wp-content\/uploads\/2024\/04\/eu-parliament-blog-image-1.png\",\"datePublished\":\"2024-04-15T11:40:00+00:00\",\"dateModified\":\"2024-04-15T12:11:29+00:00\",\"breadcrumb\":{\"@id\":\"https:\/\/consumerchamps.eu\/el\/\u03c3\u03c5\u03bd\u03ad\u03bd\u03c4\u03b5\u03c5\u03be\u03b7-\u03bc\u03b5-\u03c4\u03bf\u03bd-\u03c5\u03c0\u03bf\u03c8\u03ae\u03c6\u03b9\u03bf-\u03b2\u03bf\u03c5\u03bb\u03b5\u03c5\u03c4\u03ae-\u03c6\/#breadcrumb\"},\"inLanguage\":\"es\",\"potentialAction\":[{\"@type\":\"ReadAction\",\"target\":[\"https:\/\/consumerchamps.eu\/el\/\u03c3\u03c5\u03bd\u03ad\u03bd\u03c4\u03b5\u03c5\u03be\u03b7-\u03bc\u03b5-\u03c4\u03bf\u03bd-\u03c5\u03c0\u03bf\u03c8\u03ae\u03c6\u03b9\u03bf-\u03b2\u03bf\u03c5\u03bb\u03b5\u03c5\u03c4\u03ae-\u03c6\/\"]}]},{\"@type\":\"ImageObject\",\"inLanguage\":\"es\",\"@id\":\"https:\/\/consumerchamps.eu\/el\/\u03c3\u03c5\u03bd\u03ad\u03bd\u03c4\u03b5\u03c5\u03be\u03b7-\u03bc\u03b5-\u03c4\u03bf\u03bd-\u03c5\u03c0\u03bf\u03c8\u03ae\u03c6\u03b9\u03bf-\u03b2\u03bf\u03c5\u03bb\u03b5\u03c5\u03c4\u03ae-\u03c6\/#primaryimage\",\"url\":\"https:\/\/consumerchamps.eu\/wp-content\/uploads\/2024\/04\/eu-parliament-blog-image-1.png\",\"contentUrl\":\"https:\/\/consumerchamps.eu\/wp-content\/uploads\/2024\/04\/eu-parliament-blog-image-1.png\",\"width\":940,\"height\":788},{\"@type\":\"BreadcrumbList\",\"@id\":\"https:\/\/consumerchamps.eu\/el\/\u03c3\u03c5\u03bd\u03ad\u03bd\u03c4\u03b5\u03c5\u03be\u03b7-\u03bc\u03b5-\u03c4\u03bf\u03bd-\u03c5\u03c0\u03bf\u03c8\u03ae\u03c6\u03b9\u03bf-\u03b2\u03bf\u03c5\u03bb\u03b5\u03c5\u03c4\u03ae-\u03c6\/#breadcrumb\",\"itemListElement\":[{\"@type\":\"ListItem\",\"position\":1,\"name\":\"Home\",\"item\":\"https:\/\/consumerchamps.eu\/pt\/\"},{\"@type\":\"ListItem\",\"position\":2,\"name\":\"Interview with MEP candidate Philip Johansson\"}]},{\"@type\":\"WebSite\",\"@id\":\"https:\/\/consumerchamps.eu\/pt\/#website\",\"url\":\"https:\/\/consumerchamps.eu\/pt\/\",\"name\":\"Consumer Champs\",\"description\":\"Empowering Voices, Inspiring Change: Where Consumer Champions Shape Tomorrow&#039;s Choices\",\"publisher\":{\"@id\":\"https:\/\/consumerchamps.eu\/pt\/#organization\"},\"potentialAction\":[{\"@type\":\"SearchAction\",\"target\":{\"@type\":\"EntryPoint\",\"urlTemplate\":\"https:\/\/consumerchamps.eu\/pt\/?s={search_term_string}\"},\"query-input\":{\"@type\":\"PropertyValueSpecification\",\"valueRequired\":true,\"valueName\":\"search_term_string\"}}],\"inLanguage\":\"es\"},{\"@type\":\"Organization\",\"@id\":\"https:\/\/consumerchamps.eu\/pt\/#organization\",\"name\":\"Consumer Champs\",\"url\":\"https:\/\/consumerchamps.eu\/pt\/\",\"logo\":{\"@type\":\"ImageObject\",\"inLanguage\":\"es\",\"@id\":\"https:\/\/consumerchamps.eu\/pt\/#\/schema\/logo\/image\/\",\"url\":\"https:\/\/consumerchamps.eu\/wp-content\/uploads\/2023\/11\/CC_Logo_Gold.png\",\"contentUrl\":\"https:\/\/consumerchamps.eu\/wp-content\/uploads\/2023\/11\/CC_Logo_Gold.png\",\"width\":199,\"height\":78,\"caption\":\"Consumer Champs\"},\"image\":{\"@id\":\"https:\/\/consumerchamps.eu\/pt\/#\/schema\/logo\/image\/\"}},{\"@type\":\"Person\",\"@id\":\"https:\/\/consumerchamps.eu\/pt\/#\/schema\/person\/abee610907eeed950d696296af1e6ecb\",\"name\":\"consumerchamps\",\"image\":{\"@type\":\"ImageObject\",\"inLanguage\":\"es\",\"@id\":\"https:\/\/consumerchamps.eu\/pt\/#\/schema\/person\/image\/\",\"url\":\"https:\/\/secure.gravatar.com\/avatar\/60494a730db86c4adb95d91824cf7b3210e83da78c8216541583cf81f8626eb3?s=96&d=mm&r=g\",\"contentUrl\":\"https:\/\/secure.gravatar.com\/avatar\/60494a730db86c4adb95d91824cf7b3210e83da78c8216541583cf81f8626eb3?s=96&d=mm&r=g\",\"caption\":\"consumerchamps\"},\"sameAs\":[\"https:\/\/consumerchamps.wpenginepowered.com\"],\"url\":\"https:\/\/consumerchamps.eu\/es\/author\/consumerchamps\/\"}]}<\/script>\n<!-- \/ Yoast SEO plugin. -->","yoast_head_json":{"title":"Entrevista con el candidato al eurodiputado Philip Johansson - Consumer Champs","robots":{"index":"index","follow":"follow","max-snippet":"max-snippet:-1","max-image-preview":"max-image-preview:large","max-video-preview":"max-video-preview:-1"},"canonical":"https:\/\/consumerchamps.eu\/es\/entrevista-con-el-candidato-al-eurodiputado-philip-johansson\/","og_locale":"es_ES","og_type":"article","og_title":"Interview with MEP candidate Philip Johansson - Consumer Champs","og_description":"Our government affairs manager, Zoltan Kesz, interviewed a candidate from Sweden&#8217;s Pirate Party for the European Parliament.&nbsp;The conversation sought to understand their perspectives on the future of Europe, the strategies they recommend for addressing present issues, and their position on important policy issues. What are the biggest challenges the EU is currently facing? &#8220;The biggest &hellip;","og_url":"https:\/\/consumerchamps.eu\/es\/entrevista-con-el-candidato-al-eurodiputado-philip-johansson\/","og_site_name":"Consumer Champs","article_published_time":"2024-04-15T11:40:00+00:00","article_modified_time":"2024-04-15T12:11:29+00:00","og_image":[{"width":940,"height":788,"url":"https:\/\/consumerchamps.eu\/wp-content\/uploads\/2024\/04\/eu-parliament-blog-image-1.png","type":"image\/png"}],"author":"consumerchamps","twitter_card":"summary_large_image","twitter_misc":{"Escrito por":"consumerchamps","Tiempo de lectura":"9 minutos"},"schema":{"@context":"https:\/\/schema.org","@graph":[{"@type":"Article","@id":"https:\/\/consumerchamps.eu\/el\/\u03c3\u03c5\u03bd\u03ad\u03bd\u03c4\u03b5\u03c5\u03be\u03b7-\u03bc\u03b5-\u03c4\u03bf\u03bd-\u03c5\u03c0\u03bf\u03c8\u03ae\u03c6\u03b9\u03bf-\u03b2\u03bf\u03c5\u03bb\u03b5\u03c5\u03c4\u03ae-\u03c6\/#article","isPartOf":{"@id":"https:\/\/consumerchamps.eu\/el\/\u03c3\u03c5\u03bd\u03ad\u03bd\u03c4\u03b5\u03c5\u03be\u03b7-\u03bc\u03b5-\u03c4\u03bf\u03bd-\u03c5\u03c0\u03bf\u03c8\u03ae\u03c6\u03b9\u03bf-\u03b2\u03bf\u03c5\u03bb\u03b5\u03c5\u03c4\u03ae-\u03c6\/"},"author":{"name":"consumerchamps","@id":"https:\/\/consumerchamps.eu\/pt\/#\/schema\/person\/abee610907eeed950d696296af1e6ecb"},"headline":"Interview with MEP candidate Philip Johansson","datePublished":"2024-04-15T11:40:00+00:00","dateModified":"2024-04-15T12:11:29+00:00","mainEntityOfPage":{"@id":"https:\/\/consumerchamps.eu\/el\/\u03c3\u03c5\u03bd\u03ad\u03bd\u03c4\u03b5\u03c5\u03be\u03b7-\u03bc\u03b5-\u03c4\u03bf\u03bd-\u03c5\u03c0\u03bf\u03c8\u03ae\u03c6\u03b9\u03bf-\u03b2\u03bf\u03c5\u03bb\u03b5\u03c5\u03c4\u03ae-\u03c6\/"},"wordCount":1730,"commentCount":0,"publisher":{"@id":"https:\/\/consumerchamps.eu\/pt\/#organization"},"image":{"@id":"https:\/\/consumerchamps.eu\/el\/\u03c3\u03c5\u03bd\u03ad\u03bd\u03c4\u03b5\u03c5\u03be\u03b7-\u03bc\u03b5-\u03c4\u03bf\u03bd-\u03c5\u03c0\u03bf\u03c8\u03ae\u03c6\u03b9\u03bf-\u03b2\u03bf\u03c5\u03bb\u03b5\u03c5\u03c4\u03ae-\u03c6\/#primaryimage"},"thumbnailUrl":"https:\/\/consumerchamps.eu\/wp-content\/uploads\/2024\/04\/eu-parliament-blog-image-1.png","articleSection":["Blog"],"inLanguage":"es","potentialAction":[{"@type":"CommentAction","name":"Comment","target":["https:\/\/consumerchamps.eu\/el\/\u03c3\u03c5\u03bd\u03ad\u03bd\u03c4\u03b5\u03c5\u03be\u03b7-\u03bc\u03b5-\u03c4\u03bf\u03bd-\u03c5\u03c0\u03bf\u03c8\u03ae\u03c6\u03b9\u03bf-\u03b2\u03bf\u03c5\u03bb\u03b5\u03c5\u03c4\u03ae-\u03c6\/#respond"]}]},{"@type":"WebPage","@id":"https:\/\/consumerchamps.eu\/el\/\u03c3\u03c5\u03bd\u03ad\u03bd\u03c4\u03b5\u03c5\u03be\u03b7-\u03bc\u03b5-\u03c4\u03bf\u03bd-\u03c5\u03c0\u03bf\u03c8\u03ae\u03c6\u03b9\u03bf-\u03b2\u03bf\u03c5\u03bb\u03b5\u03c5\u03c4\u03ae-\u03c6\/","url":"https:\/\/consumerchamps.eu\/el\/\u03c3\u03c5\u03bd\u03ad\u03bd\u03c4\u03b5\u03c5\u03be\u03b7-\u03bc\u03b5-\u03c4\u03bf\u03bd-\u03c5\u03c0\u03bf\u03c8\u03ae\u03c6\u03b9\u03bf-\u03b2\u03bf\u03c5\u03bb\u03b5\u03c5\u03c4\u03ae-\u03c6\/","name":"Entrevista con el candidato al eurodiputado Philip Johansson - Consumer Champs","isPartOf":{"@id":"https:\/\/consumerchamps.eu\/pt\/#website"},"primaryImageOfPage":{"@id":"https:\/\/consumerchamps.eu\/el\/\u03c3\u03c5\u03bd\u03ad\u03bd\u03c4\u03b5\u03c5\u03be\u03b7-\u03bc\u03b5-\u03c4\u03bf\u03bd-\u03c5\u03c0\u03bf\u03c8\u03ae\u03c6\u03b9\u03bf-\u03b2\u03bf\u03c5\u03bb\u03b5\u03c5\u03c4\u03ae-\u03c6\/#primaryimage"},"image":{"@id":"https:\/\/consumerchamps.eu\/el\/\u03c3\u03c5\u03bd\u03ad\u03bd\u03c4\u03b5\u03c5\u03be\u03b7-\u03bc\u03b5-\u03c4\u03bf\u03bd-\u03c5\u03c0\u03bf\u03c8\u03ae\u03c6\u03b9\u03bf-\u03b2\u03bf\u03c5\u03bb\u03b5\u03c5\u03c4\u03ae-\u03c6\/#primaryimage"},"thumbnailUrl":"https:\/\/consumerchamps.eu\/wp-content\/uploads\/2024\/04\/eu-parliament-blog-image-1.png","datePublished":"2024-04-15T11:40:00+00:00","dateModified":"2024-04-15T12:11:29+00:00","breadcrumb":{"@id":"https:\/\/consumerchamps.eu\/el\/\u03c3\u03c5\u03bd\u03ad\u03bd\u03c4\u03b5\u03c5\u03be\u03b7-\u03bc\u03b5-\u03c4\u03bf\u03bd-\u03c5\u03c0\u03bf\u03c8\u03ae\u03c6\u03b9\u03bf-\u03b2\u03bf\u03c5\u03bb\u03b5\u03c5\u03c4\u03ae-\u03c6\/#breadcrumb"},"inLanguage":"es","potentialAction":[{"@type":"ReadAction","target":["https:\/\/consumerchamps.eu\/el\/\u03c3\u03c5\u03bd\u03ad\u03bd\u03c4\u03b5\u03c5\u03be\u03b7-\u03bc\u03b5-\u03c4\u03bf\u03bd-\u03c5\u03c0\u03bf\u03c8\u03ae\u03c6\u03b9\u03bf-\u03b2\u03bf\u03c5\u03bb\u03b5\u03c5\u03c4\u03ae-\u03c6\/"]}]},{"@type":"ImageObject","inLanguage":"es","@id":"https:\/\/consumerchamps.eu\/el\/\u03c3\u03c5\u03bd\u03ad\u03bd\u03c4\u03b5\u03c5\u03be\u03b7-\u03bc\u03b5-\u03c4\u03bf\u03bd-\u03c5\u03c0\u03bf\u03c8\u03ae\u03c6\u03b9\u03bf-\u03b2\u03bf\u03c5\u03bb\u03b5\u03c5\u03c4\u03ae-\u03c6\/#primaryimage","url":"https:\/\/consumerchamps.eu\/wp-content\/uploads\/2024\/04\/eu-parliament-blog-image-1.png","contentUrl":"https:\/\/consumerchamps.eu\/wp-content\/uploads\/2024\/04\/eu-parliament-blog-image-1.png","width":940,"height":788},{"@type":"BreadcrumbList","@id":"https:\/\/consumerchamps.eu\/el\/\u03c3\u03c5\u03bd\u03ad\u03bd\u03c4\u03b5\u03c5\u03be\u03b7-\u03bc\u03b5-\u03c4\u03bf\u03bd-\u03c5\u03c0\u03bf\u03c8\u03ae\u03c6\u03b9\u03bf-\u03b2\u03bf\u03c5\u03bb\u03b5\u03c5\u03c4\u03ae-\u03c6\/#breadcrumb","itemListElement":[{"@type":"ListItem","position":1,"name":"Home","item":"https:\/\/consumerchamps.eu\/pt\/"},{"@type":"ListItem","position":2,"name":"Interview with MEP candidate Philip Johansson"}]},{"@type":"WebSite","@id":"https:\/\/consumerchamps.eu\/pt\/#website","url":"https:\/\/consumerchamps.eu\/pt\/","name":"Consumer Champs","description":"Empoderando voces, inspirando cambios: donde los campeones de los consumidores dan forma a las decisiones del ma\u00f1ana","publisher":{"@id":"https:\/\/consumerchamps.eu\/pt\/#organization"},"potentialAction":[{"@type":"SearchAction","target":{"@type":"EntryPoint","urlTemplate":"https:\/\/consumerchamps.eu\/pt\/?s={search_term_string}"},"query-input":{"@type":"PropertyValueSpecification","valueRequired":true,"valueName":"search_term_string"}}],"inLanguage":"es"},{"@type":"Organization","@id":"https:\/\/consumerchamps.eu\/pt\/#organization","name":"Consumer Champs","url":"https:\/\/consumerchamps.eu\/pt\/","logo":{"@type":"ImageObject","inLanguage":"es","@id":"https:\/\/consumerchamps.eu\/pt\/#\/schema\/logo\/image\/","url":"https:\/\/consumerchamps.eu\/wp-content\/uploads\/2023\/11\/CC_Logo_Gold.png","contentUrl":"https:\/\/consumerchamps.eu\/wp-content\/uploads\/2023\/11\/CC_Logo_Gold.png","width":199,"height":78,"caption":"Consumer Champs"},"image":{"@id":"https:\/\/consumerchamps.eu\/pt\/#\/schema\/logo\/image\/"}},{"@type":"Person","@id":"https:\/\/consumerchamps.eu\/pt\/#\/schema\/person\/abee610907eeed950d696296af1e6ecb","name":"campeones del consumidor","image":{"@type":"ImageObject","inLanguage":"es","@id":"https:\/\/consumerchamps.eu\/pt\/#\/schema\/person\/image\/","url":"https:\/\/secure.gravatar.com\/avatar\/60494a730db86c4adb95d91824cf7b3210e83da78c8216541583cf81f8626eb3?s=96&d=mm&r=g","contentUrl":"https:\/\/secure.gravatar.com\/avatar\/60494a730db86c4adb95d91824cf7b3210e83da78c8216541583cf81f8626eb3?s=96&d=mm&r=g","caption":"consumerchamps"},"sameAs":["https:\/\/consumerchamps.wpenginepowered.com"],"url":"https:\/\/consumerchamps.eu\/es\/author\/consumerchamps\/"}]}},"featured_image_src":"https:\/\/consumerchamps.eu\/wp-content\/uploads\/2024\/04\/eu-parliament-blog-image-1-600x400.png","featured_image_src_square":"https:\/\/consumerchamps.eu\/wp-content\/uploads\/2024\/04\/eu-parliament-blog-image-1-600x600.png","author_info":{"display_name":"consumerchamps","author_link":"https:\/\/consumerchamps.eu\/es\/author\/consumerchamps\/"},"_links":{"self":[{"href":"https:\/\/consumerchamps.eu\/es\/wp-json\/wp\/v2\/posts\/932","targetHints":{"allow":["GET"]}}],"collection":[{"href":"https:\/\/consumerchamps.eu\/es\/wp-json\/wp\/v2\/posts"}],"about":[{"href":"https:\/\/consumerchamps.eu\/es\/wp-json\/wp\/v2\/types\/post"}],"author":[{"embeddable":true,"href":"https:\/\/consumerchamps.eu\/es\/wp-json\/wp\/v2\/users\/1"}],"replies":[{"embeddable":true,"href":"https:\/\/consumerchamps.eu\/es\/wp-json\/wp\/v2\/comments?post=932"}],"version-history":[{"count":0,"href":"https:\/\/consumerchamps.eu\/es\/wp-json\/wp\/v2\/posts\/932\/revisions"}],"wp:featuredmedia":[{"embeddable":true,"href":"https:\/\/consumerchamps.eu\/es\/wp-json\/wp\/v2\/media\/933"}],"wp:attachment":[{"href":"https:\/\/consumerchamps.eu\/es\/wp-json\/wp\/v2\/media?parent=932"}],"wp:term":[{"taxonomy":"category","embeddable":true,"href":"https:\/\/consumerchamps.eu\/es\/wp-json\/wp\/v2\/categories?post=932"},{"taxonomy":"post_tag","embeddable":true,"href":"https:\/\/consumerchamps.eu\/es\/wp-json\/wp\/v2\/tags?post=932"}],"curies":[{"name":"gracias","href":"https:\/\/api.w.org\/{rel}","templated":true}]}}