{"id":582,"date":"2024-02-13T08:22:04","date_gmt":"2024-02-13T08:22:04","guid":{"rendered":"https:\/\/consumerchamps.eu\/?p=582"},"modified":"2024-02-13T08:22:04","modified_gmt":"2024-02-13T08:22:04","slug":"fogyasztoi-bajnoki-kampanyt-indit-a-fogyasztoi-valasztasi-kozpont-az-europai-parlamenti-valasztasok-elott","status":"publish","type":"post","link":"https:\/\/consumerchamps.eu\/hu\/fogyasztoi-bajnoki-kampanyt-indit-a-fogyasztoi-valasztasi-kozpont-az-europai-parlamenti-valasztasok-elott\/","title":{"rendered":"Az Consumer Choice Center \u201eConsumer Champs\u201d kamp\u00e1nyt ind\u00edt az eur\u00f3pai parlamenti v\u00e1laszt\u00e1sok el\u0151tt"},"content":{"rendered":"<p><strong>Az Consumer Choice Center b\u00fcszk\u00e9n jelenti be \u00fatt\u00f6r\u0151 \u201eConsumer Champs\u201d kamp\u00e1ny\u00e1nak elind\u00edt\u00e1s\u00e1t, amelynek c\u00e9lja, hogy seg\u00edtse az eur\u00f3pai szavaz\u00f3kat eligazodni a 2024-es eur\u00f3pai parlamenti mand\u00e1tumok\u00e9rt verseng\u0151 politikai jel\u00f6ltek \u00f6sszetett vil\u00e1g\u00e1ban.&nbsp;<\/strong><\/p>\n\n\n\n<p>A t\u00f6bb mint 12 000 jel\u00f6lt indul\u00e1s\u00e1val az Consumer Champs c\u00e9lja, hogy a v\u00e1laszt\u00f3k forr\u00e1sa legyen, akik k\u00edv\u00e1ncsiak arra, hogy politikai jel\u00f6ltjeik hol \u00e1llnak a fogyaszt\u00f3i jogok \u00e9s v\u00e1laszt\u00e1si lehet\u0151s\u00e9gek szempontj\u00e1b\u00f3l l\u00e9tfontoss\u00e1g\u00fa k\u00e9rd\u00e9sekben. A kamp\u00e1ny c\u00e9lja, hogy \u00e1tvezesse a v\u00e1laszt\u00f3kat a k\u00f6zpolitikai \u00e1ll\u00e1spontok labirintus\u00e1n, olyan kritikus ter\u00fcletekre \u00f6sszpontos\u00edtva, mint a kereskedelem, a digit\u00e1lis szabads\u00e1g, a fenntarthat\u00f3s\u00e1g stb.&nbsp;<\/p>\n\n\n\n<p>A kamp\u00e1ny l\u00e9nyege egy interakt\u00edv webhely, amely lehet\u0151v\u00e9 teszi a v\u00e1laszt\u00f3k sz\u00e1m\u00e1ra, hogy felfedezz\u00e9k orsz\u00e1guk jel\u00f6ltjeit, meg\u00e9rts\u00e9k v\u00e9lem\u00e9ny\u00fcket a s\u00fcrget\u0151 fogyaszt\u00f3i k\u00e9rd\u00e9sekkel kapcsolatban, \u00e9s megalapozott d\u00f6nt\u00e9seket hozzanak a v\u00e1laszt\u00e1s napj\u00e1n.<\/p>\n\n\n\n<p>\u201eK\u00fcldet\u00e9s\u00fcnk, hogy eur\u00f3pai szinten r\u00e1vil\u00e1g\u00edtsunk a p\u00e1rtok \u00e9s az egyes politikusok \u00e9rt\u00e9keire \u00e9s \u00e1ll\u00e1spontj\u00e1ra. Centraliz\u00e1lt megk\u00f6zel\u00edt\u00e9ssel betartj\u00e1k-e a b\u00fcrokratikus norm\u00e1kat, vagy a fogyaszt\u00f3i jogok \u00e9s v\u00e1laszt\u00e1si lehet\u0151s\u00e9gek el\u0151t\u00e9rbe helyez\u00e9s\u00e9vel, a k\u00f6zpontos\u00edtott int\u00e9zm\u00e9nyek t\u00falzott m\u00e9rt\u00e9k\u0171 korl\u00e1toz\u00e1s\u00e1val t\u00e1mogatj\u00e1k a v\u00e1ltoz\u00e1st? \u2013 nyilatkozta Kesz Zolt\u00e1n, az Consumer Choice Center korm\u00e1nyzati \u00fcgyek\u00e9rt felel\u0151s vezet\u0151je.<\/p>\n\n\n\n<p>Az Consumer Champs a v\u00e1laszt\u00f3k akt\u00edv r\u00e9szv\u00e9tel\u00e9t \u00f6szt\u00f6nzi az\u00e1ltal, hogy felh\u00edvja politikai jel\u00f6ltjeit, hogy az eur\u00f3pai parlamenti v\u00e1laszt\u00e1sok el\u0151tt \u00e1tl\u00e1that\u00f3an v\u00e1zolj\u00e1k fel preferenci\u00e1ikat a kulcsfontoss\u00e1g\u00fa fogyaszt\u00f3i jogi k\u00e9rd\u00e9sekben. A kamp\u00e1ny hisz az \u00e1tl\u00e1that\u00f3s\u00e1g erej\u00e9ben \u00e9s abban, hogy a v\u00e1laszt\u00f3k milyen szerepet j\u00e1tszhatnak abban, hogy befoly\u00e1solj\u00e1k a jel\u00f6lteket \u00e9s a p\u00e1rtokat a fogyaszt\u00f3k\u00f6zpont\u00fa politik\u00e1k el\u0151t\u00e9rbe helyez\u00e9s\u00e9ben.<\/p>\n\n\n\n<p><em>Eredetileg megjelent <a href=\"https:\/\/www.eureporter.co\/business\/consumers-2\/2024\/02\/13\/consumer-choice-center-launches-consumer-champs-campaign-ahead-of-european-parliament-elections\/\">itt<\/a><\/em><\/p>","protected":false},"excerpt":{"rendered":"<p>Az Consumer Choice Center b\u00fcszk\u00e9n jelenti be \u00fatt\u00f6r\u0151 \u201eConsumer Champs\u201d kamp\u00e1ny\u00e1nak elind\u00edt\u00e1s\u00e1t, amelynek c\u00e9lja, hogy seg\u00edtse az eur\u00f3pai szavaz\u00f3kat eligazodni a 2024-es eur\u00f3pai parlamenti mand\u00e1tumok\u00e9rt verseng\u0151 politikai jel\u00f6ltek \u00f6sszetett vil\u00e1g\u00e1ban. T\u00f6bb mint 12 000 jel\u00f6lt indul, az Consumer Champs c\u00e9lja, hogy a p\u00e1ly\u00e1n maradjon. -forr\u00e1sforr\u00e1s azoknak a szavaz\u00f3knak, akik k\u00edv\u00e1ncsiak, hol\u2026<\/p>","protected":false},"author":3,"featured_media":583,"comment_status":"open","ping_status":"open","sticky":false,"template":"","format":"standard","meta":{"_acf_changed":false,"_genesis_block_theme_hide_title":false,"footnotes":""},"categories":[7],"tags":[],"class_list":{"0":"post-582","1":"post","2":"type-post","3":"status-publish","4":"format-standard","5":"has-post-thumbnail","6":"hentry","7":"category-blog","9":"with-featured-image"},"acf":[],"yoast_head":"<!-- This site is optimized with the Yoast SEO plugin v25.8 - https:\/\/yoast.com\/wordpress\/plugins\/seo\/ -->\n<title>Consumer Choice Center Launches &quot;Consumer Champs&quot; Campaign Ahead of European Parliament Elections - Consumer Champs<\/title>\n<meta name=\"robots\" content=\"index, follow, max-snippet:-1, max-image-preview:large, max-video-preview:-1\" \/>\n<link rel=\"canonical\" href=\"https:\/\/consumerchamps.eu\/hu\/fogyasztoi-bajnoki-kampanyt-indit-a-fogyasztoi-valasztasi-kozpont-az-europai-parlamenti-valasztasok-elott\/\" \/>\n<meta property=\"og:locale\" content=\"hu_HU\" \/>\n<meta property=\"og:type\" content=\"article\" \/>\n<meta property=\"og:title\" content=\"Consumer Choice Center Launches &quot;Consumer Champs&quot; Campaign Ahead of European Parliament Elections - Consumer Champs\" \/>\n<meta property=\"og:description\" content=\"The Consumer Choice Center is proud to announce the launch of its groundbreaking &#8220;Consumer Champs&#8221; campaign, dedicated to helping European voters navigate the complex landscape of political candidates vying for seats in the European Parliament in 2024.&nbsp; With over 12,000 candidates running, Consumer Champs aims to be the go-to resource for voters curious about where &hellip;\" \/>\n<meta property=\"og:url\" content=\"https:\/\/consumerchamps.eu\/hu\/fogyasztoi-bajnoki-kampanyt-indit-a-fogyasztoi-valasztasi-kozpont-az-europai-parlamenti-valasztasok-elott\/\" \/>\n<meta property=\"og:site_name\" content=\"Consumer Champs\" \/>\n<meta property=\"article:published_time\" content=\"2024-02-13T08:22:04+00:00\" \/>\n<meta property=\"og:image\" content=\"https:\/\/consumerchamps.eu\/wp-content\/uploads\/2024\/02\/eu_reporter_media_hit.png\" \/>\n\t<meta property=\"og:image:width\" content=\"940\" \/>\n\t<meta property=\"og:image:height\" content=\"788\" \/>\n\t<meta property=\"og:image:type\" content=\"image\/png\" \/>\n<meta name=\"author\" content=\"Fabio Fernandes\" \/>\n<meta name=\"twitter:card\" content=\"summary_large_image\" \/>\n<meta name=\"twitter:label1\" content=\"Szerz\u0151:\" \/>\n\t<meta name=\"twitter:data1\" content=\"Fabio Fernandes\" \/>\n\t<meta name=\"twitter:label2\" content=\"Becs\u00fclt olvas\u00e1si id\u0151\" \/>\n\t<meta name=\"twitter:data2\" content=\"1 perc\" \/>\n<script type=\"application\/ld+json\" class=\"yoast-schema-graph\">{\"@context\":\"https:\/\/schema.org\",\"@graph\":[{\"@type\":\"Article\",\"@id\":\"https:\/\/consumerchamps.eu\/consumer-choice-center-launches-consumer-champs-campaign-ahead-of-european-parliament-elections\/#article\",\"isPartOf\":{\"@id\":\"https:\/\/consumerchamps.eu\/consumer-choice-center-launches-consumer-champs-campaign-ahead-of-european-parliament-elections\/\"},\"author\":{\"name\":\"Fabio Fernandes\",\"@id\":\"https:\/\/consumerchamps.eu\/pt\/#\/schema\/person\/12bd265ccd04eb8483ac552c20b53ecc\"},\"headline\":\"Consumer Choice Center Launches &#8220;Consumer Champs&#8221; Campaign Ahead of European Parliament Elections\",\"datePublished\":\"2024-02-13T08:22:04+00:00\",\"mainEntityOfPage\":{\"@id\":\"https:\/\/consumerchamps.eu\/consumer-choice-center-launches-consumer-champs-campaign-ahead-of-european-parliament-elections\/\"},\"wordCount\":245,\"commentCount\":0,\"publisher\":{\"@id\":\"https:\/\/consumerchamps.eu\/pt\/#organization\"},\"image\":{\"@id\":\"https:\/\/consumerchamps.eu\/consumer-choice-center-launches-consumer-champs-campaign-ahead-of-european-parliament-elections\/#primaryimage\"},\"thumbnailUrl\":\"https:\/\/consumerchamps.eu\/wp-content\/uploads\/2024\/02\/eu_reporter_media_hit.png\",\"articleSection\":[\"Blog\"],\"inLanguage\":\"hu\",\"potentialAction\":[{\"@type\":\"CommentAction\",\"name\":\"Comment\",\"target\":[\"https:\/\/consumerchamps.eu\/consumer-choice-center-launches-consumer-champs-campaign-ahead-of-european-parliament-elections\/#respond\"]}]},{\"@type\":\"WebPage\",\"@id\":\"https:\/\/consumerchamps.eu\/consumer-choice-center-launches-consumer-champs-campaign-ahead-of-european-parliament-elections\/\",\"url\":\"https:\/\/consumerchamps.eu\/consumer-choice-center-launches-consumer-champs-campaign-ahead-of-european-parliament-elections\/\",\"name\":\"Consumer Choice Center Launches \\\"Consumer Champs\\\" Campaign Ahead of European Parliament Elections - Consumer Champs\",\"isPartOf\":{\"@id\":\"https:\/\/consumerchamps.eu\/pt\/#website\"},\"primaryImageOfPage\":{\"@id\":\"https:\/\/consumerchamps.eu\/consumer-choice-center-launches-consumer-champs-campaign-ahead-of-european-parliament-elections\/#primaryimage\"},\"image\":{\"@id\":\"https:\/\/consumerchamps.eu\/consumer-choice-center-launches-consumer-champs-campaign-ahead-of-european-parliament-elections\/#primaryimage\"},\"thumbnailUrl\":\"https:\/\/consumerchamps.eu\/wp-content\/uploads\/2024\/02\/eu_reporter_media_hit.png\",\"datePublished\":\"2024-02-13T08:22:04+00:00\",\"breadcrumb\":{\"@id\":\"https:\/\/consumerchamps.eu\/consumer-choice-center-launches-consumer-champs-campaign-ahead-of-european-parliament-elections\/#breadcrumb\"},\"inLanguage\":\"hu\",\"potentialAction\":[{\"@type\":\"ReadAction\",\"target\":[\"https:\/\/consumerchamps.eu\/consumer-choice-center-launches-consumer-champs-campaign-ahead-of-european-parliament-elections\/\"]}]},{\"@type\":\"ImageObject\",\"inLanguage\":\"hu\",\"@id\":\"https:\/\/consumerchamps.eu\/consumer-choice-center-launches-consumer-champs-campaign-ahead-of-european-parliament-elections\/#primaryimage\",\"url\":\"https:\/\/consumerchamps.eu\/wp-content\/uploads\/2024\/02\/eu_reporter_media_hit.png\",\"contentUrl\":\"https:\/\/consumerchamps.eu\/wp-content\/uploads\/2024\/02\/eu_reporter_media_hit.png\",\"width\":940,\"height\":788},{\"@type\":\"BreadcrumbList\",\"@id\":\"https:\/\/consumerchamps.eu\/consumer-choice-center-launches-consumer-champs-campaign-ahead-of-european-parliament-elections\/#breadcrumb\",\"itemListElement\":[{\"@type\":\"ListItem\",\"position\":1,\"name\":\"Home\",\"item\":\"https:\/\/consumerchamps.eu\/pt\/\"},{\"@type\":\"ListItem\",\"position\":2,\"name\":\"Consumer Choice Center Launches &#8220;Consumer Champs&#8221; Campaign Ahead of European Parliament Elections\"}]},{\"@type\":\"WebSite\",\"@id\":\"https:\/\/consumerchamps.eu\/pt\/#website\",\"url\":\"https:\/\/consumerchamps.eu\/pt\/\",\"name\":\"Consumer Champs\",\"description\":\"Empowering Voices, Inspiring Change: Where Consumer Champions Shape Tomorrow&#039;s Choices\",\"publisher\":{\"@id\":\"https:\/\/consumerchamps.eu\/pt\/#organization\"},\"potentialAction\":[{\"@type\":\"SearchAction\",\"target\":{\"@type\":\"EntryPoint\",\"urlTemplate\":\"https:\/\/consumerchamps.eu\/pt\/?s={search_term_string}\"},\"query-input\":{\"@type\":\"PropertyValueSpecification\",\"valueRequired\":true,\"valueName\":\"search_term_string\"}}],\"inLanguage\":\"hu\"},{\"@type\":\"Organization\",\"@id\":\"https:\/\/consumerchamps.eu\/pt\/#organization\",\"name\":\"Consumer Champs\",\"url\":\"https:\/\/consumerchamps.eu\/pt\/\",\"logo\":{\"@type\":\"ImageObject\",\"inLanguage\":\"hu\",\"@id\":\"https:\/\/consumerchamps.eu\/pt\/#\/schema\/logo\/image\/\",\"url\":\"https:\/\/consumerchamps.eu\/wp-content\/uploads\/2023\/11\/CC_Logo_Gold.png\",\"contentUrl\":\"https:\/\/consumerchamps.eu\/wp-content\/uploads\/2023\/11\/CC_Logo_Gold.png\",\"width\":199,\"height\":78,\"caption\":\"Consumer Champs\"},\"image\":{\"@id\":\"https:\/\/consumerchamps.eu\/pt\/#\/schema\/logo\/image\/\"}},{\"@type\":\"Person\",\"@id\":\"https:\/\/consumerchamps.eu\/pt\/#\/schema\/person\/12bd265ccd04eb8483ac552c20b53ecc\",\"name\":\"Fabio Fernandes\",\"image\":{\"@type\":\"ImageObject\",\"inLanguage\":\"hu\",\"@id\":\"https:\/\/consumerchamps.eu\/pt\/#\/schema\/person\/image\/\",\"url\":\"https:\/\/secure.gravatar.com\/avatar\/54a418fee23e259ec6793cf08b985521039f503516ed5a3eab8d9089c02236b2?s=96&d=mm&r=g\",\"contentUrl\":\"https:\/\/secure.gravatar.com\/avatar\/54a418fee23e259ec6793cf08b985521039f503516ed5a3eab8d9089c02236b2?s=96&d=mm&r=g\",\"caption\":\"Fabio Fernandes\"},\"url\":\"https:\/\/consumerchamps.eu\/hu\/author\/fabio\/\"}]}<\/script>\n<!-- \/ Yoast SEO plugin. -->","yoast_head_json":{"title":"Az Consumer Choice Center \u201eConsumer Champs\u201d kamp\u00e1nyt ind\u00edt az eur\u00f3pai parlamenti v\u00e1laszt\u00e1sok el\u0151tt \u2013 Consumer Champs","robots":{"index":"index","follow":"follow","max-snippet":"max-snippet:-1","max-image-preview":"max-image-preview:large","max-video-preview":"max-video-preview:-1"},"canonical":"https:\/\/consumerchamps.eu\/hu\/fogyasztoi-bajnoki-kampanyt-indit-a-fogyasztoi-valasztasi-kozpont-az-europai-parlamenti-valasztasok-elott\/","og_locale":"hu_HU","og_type":"article","og_title":"Consumer Choice Center Launches \"Consumer Champs\" Campaign Ahead of European Parliament Elections - Consumer Champs","og_description":"The Consumer Choice Center is proud to announce the launch of its groundbreaking &#8220;Consumer Champs&#8221; campaign, dedicated to helping European voters navigate the complex landscape of political candidates vying for seats in the European Parliament in 2024.&nbsp; With over 12,000 candidates running, Consumer Champs aims to be the go-to resource for voters curious about where &hellip;","og_url":"https:\/\/consumerchamps.eu\/hu\/fogyasztoi-bajnoki-kampanyt-indit-a-fogyasztoi-valasztasi-kozpont-az-europai-parlamenti-valasztasok-elott\/","og_site_name":"Consumer Champs","article_published_time":"2024-02-13T08:22:04+00:00","og_image":[{"width":940,"height":788,"url":"https:\/\/consumerchamps.eu\/wp-content\/uploads\/2024\/02\/eu_reporter_media_hit.png","type":"image\/png"}],"author":"Fabio Fernandes","twitter_card":"summary_large_image","twitter_misc":{"Szerz\u0151:":"Fabio Fernandes","Becs\u00fclt olvas\u00e1si id\u0151":"1 perc"},"schema":{"@context":"https:\/\/schema.org","@graph":[{"@type":"Article","@id":"https:\/\/consumerchamps.eu\/consumer-choice-center-launches-consumer-champs-campaign-ahead-of-european-parliament-elections\/#article","isPartOf":{"@id":"https:\/\/consumerchamps.eu\/consumer-choice-center-launches-consumer-champs-campaign-ahead-of-european-parliament-elections\/"},"author":{"name":"Fabio Fernandes","@id":"https:\/\/consumerchamps.eu\/pt\/#\/schema\/person\/12bd265ccd04eb8483ac552c20b53ecc"},"headline":"Consumer Choice Center Launches &#8220;Consumer Champs&#8221; Campaign Ahead of European Parliament Elections","datePublished":"2024-02-13T08:22:04+00:00","mainEntityOfPage":{"@id":"https:\/\/consumerchamps.eu\/consumer-choice-center-launches-consumer-champs-campaign-ahead-of-european-parliament-elections\/"},"wordCount":245,"commentCount":0,"publisher":{"@id":"https:\/\/consumerchamps.eu\/pt\/#organization"},"image":{"@id":"https:\/\/consumerchamps.eu\/consumer-choice-center-launches-consumer-champs-campaign-ahead-of-european-parliament-elections\/#primaryimage"},"thumbnailUrl":"https:\/\/consumerchamps.eu\/wp-content\/uploads\/2024\/02\/eu_reporter_media_hit.png","articleSection":["Blog"],"inLanguage":"hu","potentialAction":[{"@type":"CommentAction","name":"Comment","target":["https:\/\/consumerchamps.eu\/consumer-choice-center-launches-consumer-champs-campaign-ahead-of-european-parliament-elections\/#respond"]}]},{"@type":"WebPage","@id":"https:\/\/consumerchamps.eu\/consumer-choice-center-launches-consumer-champs-campaign-ahead-of-european-parliament-elections\/","url":"https:\/\/consumerchamps.eu\/consumer-choice-center-launches-consumer-champs-campaign-ahead-of-european-parliament-elections\/","name":"Az Consumer Choice Center \u201eConsumer Champs\u201d kamp\u00e1nyt ind\u00edt az eur\u00f3pai parlamenti v\u00e1laszt\u00e1sok el\u0151tt \u2013 Consumer Champs","isPartOf":{"@id":"https:\/\/consumerchamps.eu\/pt\/#website"},"primaryImageOfPage":{"@id":"https:\/\/consumerchamps.eu\/consumer-choice-center-launches-consumer-champs-campaign-ahead-of-european-parliament-elections\/#primaryimage"},"image":{"@id":"https:\/\/consumerchamps.eu\/consumer-choice-center-launches-consumer-champs-campaign-ahead-of-european-parliament-elections\/#primaryimage"},"thumbnailUrl":"https:\/\/consumerchamps.eu\/wp-content\/uploads\/2024\/02\/eu_reporter_media_hit.png","datePublished":"2024-02-13T08:22:04+00:00","breadcrumb":{"@id":"https:\/\/consumerchamps.eu\/consumer-choice-center-launches-consumer-champs-campaign-ahead-of-european-parliament-elections\/#breadcrumb"},"inLanguage":"hu","potentialAction":[{"@type":"ReadAction","target":["https:\/\/consumerchamps.eu\/consumer-choice-center-launches-consumer-champs-campaign-ahead-of-european-parliament-elections\/"]}]},{"@type":"ImageObject","inLanguage":"hu","@id":"https:\/\/consumerchamps.eu\/consumer-choice-center-launches-consumer-champs-campaign-ahead-of-european-parliament-elections\/#primaryimage","url":"https:\/\/consumerchamps.eu\/wp-content\/uploads\/2024\/02\/eu_reporter_media_hit.png","contentUrl":"https:\/\/consumerchamps.eu\/wp-content\/uploads\/2024\/02\/eu_reporter_media_hit.png","width":940,"height":788},{"@type":"BreadcrumbList","@id":"https:\/\/consumerchamps.eu\/consumer-choice-center-launches-consumer-champs-campaign-ahead-of-european-parliament-elections\/#breadcrumb","itemListElement":[{"@type":"ListItem","position":1,"name":"Home","item":"https:\/\/consumerchamps.eu\/pt\/"},{"@type":"ListItem","position":2,"name":"Consumer Choice Center Launches &#8220;Consumer Champs&#8221; Campaign Ahead of European Parliament Elections"}]},{"@type":"WebSite","@id":"https:\/\/consumerchamps.eu\/pt\/#website","url":"https:\/\/consumerchamps.eu\/pt\/","name":"Consumer Champs","description":"Er\u0151s\u00edt\u0151 hangok, inspir\u00e1l\u00f3 v\u00e1ltoz\u00e1s: ahol a fogyaszt\u00f3i bajnokok alak\u00edtj\u00e1k a holnap d\u00f6nt\u00e9seit","publisher":{"@id":"https:\/\/consumerchamps.eu\/pt\/#organization"},"potentialAction":[{"@type":"SearchAction","target":{"@type":"EntryPoint","urlTemplate":"https:\/\/consumerchamps.eu\/pt\/?s={search_term_string}"},"query-input":{"@type":"PropertyValueSpecification","valueRequired":true,"valueName":"search_term_string"}}],"inLanguage":"hu"},{"@type":"Organization","@id":"https:\/\/consumerchamps.eu\/pt\/#organization","name":"Consumer Champs","url":"https:\/\/consumerchamps.eu\/pt\/","logo":{"@type":"ImageObject","inLanguage":"hu","@id":"https:\/\/consumerchamps.eu\/pt\/#\/schema\/logo\/image\/","url":"https:\/\/consumerchamps.eu\/wp-content\/uploads\/2023\/11\/CC_Logo_Gold.png","contentUrl":"https:\/\/consumerchamps.eu\/wp-content\/uploads\/2023\/11\/CC_Logo_Gold.png","width":199,"height":78,"caption":"Consumer Champs"},"image":{"@id":"https:\/\/consumerchamps.eu\/pt\/#\/schema\/logo\/image\/"}},{"@type":"Person","@id":"https:\/\/consumerchamps.eu\/pt\/#\/schema\/person\/12bd265ccd04eb8483ac552c20b53ecc","name":"Fabio Fernandes","image":{"@type":"ImageObject","inLanguage":"hu","@id":"https:\/\/consumerchamps.eu\/pt\/#\/schema\/person\/image\/","url":"https:\/\/secure.gravatar.com\/avatar\/54a418fee23e259ec6793cf08b985521039f503516ed5a3eab8d9089c02236b2?s=96&d=mm&r=g","contentUrl":"https:\/\/secure.gravatar.com\/avatar\/54a418fee23e259ec6793cf08b985521039f503516ed5a3eab8d9089c02236b2?s=96&d=mm&r=g","caption":"Fabio Fernandes"},"url":"https:\/\/consumerchamps.eu\/hu\/author\/fabio\/"}]}},"featured_image_src":"https:\/\/consumerchamps.eu\/wp-content\/uploads\/2024\/02\/eu_reporter_media_hit-600x400.png","featured_image_src_square":"https:\/\/consumerchamps.eu\/wp-content\/uploads\/2024\/02\/eu_reporter_media_hit-600x600.png","author_info":{"display_name":"Fabio Fernandes","author_link":"https:\/\/consumerchamps.eu\/hu\/author\/fabio\/"},"_links":{"self":[{"href":"https:\/\/consumerchamps.eu\/hu\/wp-json\/wp\/v2\/posts\/582","targetHints":{"allow":["GET"]}}],"collection":[{"href":"https:\/\/consumerchamps.eu\/hu\/wp-json\/wp\/v2\/posts"}],"about":[{"href":"https:\/\/consumerchamps.eu\/hu\/wp-json\/wp\/v2\/types\/post"}],"author":[{"embeddable":true,"href":"https:\/\/consumerchamps.eu\/hu\/wp-json\/wp\/v2\/users\/3"}],"replies":[{"embeddable":true,"href":"https:\/\/consumerchamps.eu\/hu\/wp-json\/wp\/v2\/comments?post=582"}],"version-history":[{"count":0,"href":"https:\/\/consumerchamps.eu\/hu\/wp-json\/wp\/v2\/posts\/582\/revisions"}],"wp:featuredmedia":[{"embeddable":true,"href":"https:\/\/consumerchamps.eu\/hu\/wp-json\/wp\/v2\/media\/583"}],"wp:attachment":[{"href":"https:\/\/consumerchamps.eu\/hu\/wp-json\/wp\/v2\/media?parent=582"}],"wp:term":[{"taxonomy":"category","embeddable":true,"href":"https:\/\/consumerchamps.eu\/hu\/wp-json\/wp\/v2\/categories?post=582"},{"taxonomy":"post_tag","embeddable":true,"href":"https:\/\/consumerchamps.eu\/hu\/wp-json\/wp\/v2\/tags?post=582"}],"curies":[{"name":"munkaf\u00fczet","href":"https:\/\/api.w.org\/{rel}","templated":true}]}}