{"id":596,"date":"2024-02-16T10:25:20","date_gmt":"2024-02-16T10:25:20","guid":{"rendered":"https:\/\/consumerchamps.eu\/?p=596"},"modified":"2024-02-16T10:25:20","modified_gmt":"2024-02-16T10:25:20","slug":"az-uj-fogyasztoi-bajnokok-felmerese-tokeletes-alkalom-az-unios-donteshozok-es-fogyasztok-szamara-hogy-hallassak-hangjukat","status":"publish","type":"post","link":"https:\/\/consumerchamps.eu\/hu\/az-uj-fogyasztoi-bajnokok-felmerese-tokeletes-alkalom-az-unios-donteshozok-es-fogyasztok-szamara-hogy-hallassak-hangjukat\/","title":{"rendered":"Az \u00faj Consumer Champs felm\u00e9r\u00e9s t\u00f6k\u00e9letes alkalom az uni\u00f3s d\u00f6nt\u00e9shoz\u00f3k \u00e9s fogyaszt\u00f3k sz\u00e1m\u00e1ra, hogy hallass\u00e1k hangjukat"},"content":{"rendered":"<h3 class=\"wp-block-heading\"><strong>Az \u00faj Consumer Champs felm\u00e9r\u00e9s fontos eszk\u00f6z lehet a k\u00f6zelg\u0151 eur\u00f3pai v\u00e1laszt\u00e1sokon, ahol a fogyaszt\u00f3k t\u00f6bbet megtudhatnak jel\u00f6ltjeikr\u0151l, \u00e9s felel\u0151ss\u00e9gre vonhatj\u00e1k \u0151ket b\u00e1rmely adott k\u00e9rd\u00e9sben.<\/strong><\/h3>\n\n\n\n<p>Az eur\u00f3pai fogyaszt\u00f3knak minden eddigin\u00e9l nagyobb sz\u00fcks\u00e9g\u00fck van olyan politikai szem\u00e9lyis\u00e9gekre, akik k\u00e9pesek megfelelni e viharos id\u0151k kih\u00edv\u00e1sainak. 6 k\u00f6z\u00f6tt<sup>th<\/sup>&nbsp;\u00e9s 9<sup>th<\/sup>&nbsp;Ez \u00e9v j\u00fanius\u00e1ban az Eur\u00f3pai Uni\u00f3 27 orsz\u00e1g\u00e1ban a v\u00e1laszt\u00f3k 751 \u00faj eur\u00f3pai parlamenti k\u00e9pvisel\u0151t v\u00e1laszthatnak \u00e9rdekeik k\u00e9pviselet\u00e9re. A posztra minden jel\u00f6ltnek fel kell k\u00e9sz\u00fclnie arra, hogy megk\u00fczdj\u00f6n a probl\u00e9m\u00e1k kavalk\u00e1dj\u00e1val, kezdve a folyamatos f\u00e9ktelen infl\u00e1ci\u00f3t\u00f3l \u00e9s a meg\u00e9lhet\u00e9si k\u00f6lts\u00e9gek v\u00e1ls\u00e1g\u00e1t\u00f3l eg\u00e9szen az \u00e1tlagos eur\u00f3paiak otthonainak folyamatos energiaell\u00e1t\u00e1s\u00e1ig, Oroszorsz\u00e1g indokolatlan \u00e9s illeg\u00e1lis ukrajnai inv\u00e1zi\u00f3j\u00e1val \u00f6sszef\u00fcgg\u00e9sben. Ugyanakkor meg kell \u00e9rteni\u00fck \u00e9s ki kell haszn\u00e1lniuk az olyan \u00faj technol\u00f3gi\u00e1kban rejl\u0151 lehet\u0151s\u00e9geket, mint a mesters\u00e9ges intelligencia vagy az \u00faj mez\u0151gazdas\u00e1gi genomikai technik\u00e1k, ha vir\u00e1gz\u00f3 \u00e9s jobb j\u00f6v\u0151t akarnak hagyni a fogyaszt\u00f3knak.<\/p>\n\n\n\n<p>Herkulesi feladatnak t\u0171nhet azoknak a politikai szerepl\u0151knek az azonos\u00edt\u00e1sa, akik megfelelnek ezeknek a krit\u00e9riumoknak. T\u00f6bb ezer lehets\u00e9ges jel\u00f6lt van, akiknek \u00e1ll\u00e1spontja ismeretlen maradhat a h\u00e9tk\u00f6znapi v\u00e1laszt\u00f3 sz\u00e1m\u00e1ra. Ezenk\u00edv\u00fcl minden, a fogyaszt\u00f3k sz\u00e1m\u00e1ra l\u00e9tfontoss\u00e1g\u00fa szakpolitikai t\u00e9ma \u00f6nmag\u00e1ban is bonyolult, \u00e9s ezek mindegyik\u00e9nek elsaj\u00e1t\u00edt\u00e1sa gyakorlatilag lehetetlen.<\/p>\n\n\n\n<p>Szerencs\u00e9re az Consumer Choice Center kem\u00e9nyen dolgozott az \u00f6ssze\u00e1ll\u00edt\u00e1son&nbsp;<a href=\"https:\/\/consumerchamps.eu\/hu\">Consumer Champs<\/a>, egy k\u00f6zelg\u0151 \u00e1tfog\u00f3 felm\u00e9r\u00e9s a leend\u0151 EP-k\u00e9pvisel\u0151kr\u0151l. A kereskedelemre val\u00f3 nyitotts\u00e1g, a digit\u00e1lis politika, az \u00e9lelmez\u00e9sbiztons\u00e1g \u00e9s az infl\u00e1ci\u00f3 okaihoz kapcsol\u00f3d\u00f3 k\u00e9rd\u00e9sek sor\u00e1t haszn\u00e1lja fel, hogy rangsorolja a jel\u00f6lteket a fogyaszt\u00f3i jogok\u00e9rt \u00e9s szabads\u00e1gjogok\u00e9rt val\u00f3 harcra val\u00f3 hajland\u00f3s\u00e1guk alapj\u00e1n.<\/p>\n\n\n\n<p>A felm\u00e9r\u00e9s sz\u00e1mos probl\u00e9m\u00e1t megold az eur\u00f3pai fogyaszt\u00f3k m\u00e9lt\u00f3 k\u00e9pvisel\u0151inek azonos\u00edt\u00e1s\u00e1val. Egyr\u00e9szt t\u00f6k\u00e9letes alkalom arra, hogy a jel\u00f6ltek \u00e1tl\u00e1that\u00f3an kifejts\u00e9k politikai v\u00e9lem\u00e9ny\u00fcket. \u00cdgy mindenki l\u00e1thatja, hogy a politikusok jobban ragaszkodnak-e a b\u00fcrokratikus status quo v\u00e9delm\u00e9hez, vagy val\u00f3ban befektetnek abba, hogy az egy\u00e9ni fogyaszt\u00f3kat saj\u00e1t maguk d\u00f6nthessenek. Alternat\u00edv megold\u00e1sk\u00e9nt a kev\u00e9sb\u00e9 ismert versenyz\u0151k a k\u00e9rd\u0151\u00edv seg\u00edts\u00e9g\u00e9vel elmondhatj\u00e1k \u00fcgy\u00fcket nagyobb k\u00f6z\u00f6ns\u00e9g el\u0151tt, \u00e9s fogyaszt\u00f3bar\u00e1t bizony\u00edtv\u00e1nyaikat a rangsorban hirdethetik.<\/p>\n\n\n\n<p>Mindazon\u00e1ltal a fogyaszt\u00f3k nyerhetnek a legt\u00f6bbet a projektb\u0151l, mind az inform\u00e1ci\u00f3k, mind a politik\u00e1val val\u00f3 kapcsolatuk tekintet\u00e9ben. A felm\u00e9r\u00e9s eredm\u00e9nyei legal\u00e1bb a k\u00f6vetkez\u0151 helyen jelennek meg&nbsp;<a href=\"https:\/\/consumerchamps.eu\/hu\">az Consumer Champs weboldal\u00e1n<\/a>&nbsp;\u00e9s \u00edgy megb\u00edzhat\u00f3 online forr\u00e1st biztos\u00edtanak a jel\u00f6ltek sz\u00e1m\u00e1ra minden v\u00e1laszt\u00f3 sz\u00e1m\u00e1ra (cs\u00f6kkentve a v\u00e1laszt\u00e1s ismeretlen t\u00e9nyez\u0151j\u00e9t). S\u0151t, a fogyaszt\u00f3k fell\u00e9phetnek, \u00e9s felel\u0151ss\u00e9gre vonhatj\u00e1k a v\u00e1laszt\u00f3ker\u00fcletben l\u00e9v\u0151 jel\u00f6lteket politikai elk\u00e9pzel\u00e9seik\u00e9rt, nyom\u00e1st gyakorolhatnak r\u00e1juk, hogy vegy\u00e9k komolyabban a fogyaszt\u00f3i agg\u00e1lyokat, vagy m\u00e1s szem\u00e9lyt jel\u00f6lhetnek ki, aki szerint\u00fck fogyaszt\u00f3i bajnoknak kellene lennie.<\/p>\n\n\n\n<p>Az ide\u00e1lis jel\u00f6lt tiszt\u00e1ban van az infl\u00e1ci\u00f3 sokf\u00e9le ok\u00e1val, bele\u00e9rtve a politikailag k\u00e9nyelmes t\u00e1mogat\u00e1sok \u00e9s a t\u00f6bbletad\u00f3k fogyaszt\u00f3i meg\u00e9lhet\u00e9st \u00e9rint\u0151 k\u00e1ros hat\u00e1sait. Meg\u00e9rtik, hogy a stabil \u00e9s biztons\u00e1gos energiaszektorhoz technol\u00f3giasemlegess\u00e9gre \u00e9s dinamikus szab\u00e1lyoz\u00e1si k\u00f6rnyezetre van sz\u00fcks\u00e9g, amely lehet\u0151v\u00e9 teszi az \u00e1rak m\u0171k\u00f6d\u00e9s\u00e9t \u00e9s a piaci versenyt a fogyaszt\u00f3k jav\u00e1ra. A legjobb jel\u00f6lt tiszt\u00e1ban van az \u00e1ltal\u00e1nos mesters\u00e9ges intelligenci\u00e1val kapcsolatos kock\u00e1zatokkal, de elismeri a technol\u00f3gia \u00e1ltal az innov\u00e1ci\u00f3t t\u00e1mogat\u00f3 technol\u00f3giai k\u00f6rnyezet megteremt\u00e9s\u00e9vel j\u00e1r\u00f3 \u00f3ri\u00e1si el\u0151ny\u00f6ket is. Az \u00e9sszer\u0171s\u00e9get gyakorolj\u00e1k az \u00e9lelmiszer-norm\u00e1k tekintet\u00e9ben \u2013 ha a r\u00e9gebbi mut\u00e1ci\u00f3s technik\u00e1k megengedettek, akkor a j\u00f3val dr\u00e1g\u00e1bb modern eszk\u00f6z\u00f6ket, p\u00e9ld\u00e1ul az \u00faj genomikai technik\u00e1kat is meg kell engedni. A fogyaszt\u00f3k meg\u00e9rdemlik az ilyen eur\u00f3pai parlamenti k\u00e9pvisel\u0151ket, \u00e9s\u00a0<a href=\"https:\/\/consumerchamps.eu\/hu\">Consumer Champs<\/a>\u00a0seg\u00edt megtal\u00e1lni \u0151ket.\u00a0<\/p>\n\n\n\n<p><em><strong>Olvassa el az eredeti cikket <a href=\"https:\/\/www.theparliamentmagazine.eu\/news\/article\/new-consumer-champs-survey-is-the-perfect-opportunity-for-eu-policymakers-and-consumers-to-make-their-voices-heard?previewkey=3bad56cfed2be46112c52de05c9a6f2d\">itt<\/a><\/strong><\/em><\/p>","protected":false},"excerpt":{"rendered":"<p>Az \u00faj Consumer Champs felm\u00e9r\u00e9s fontos eszk\u00f6z lehet a k\u00f6zelg\u0151 eur\u00f3pai v\u00e1laszt\u00e1sokon, ahol a fogyaszt\u00f3k t\u00f6bbet tudhatnak meg jel\u00f6ltjeikr\u0151l, \u00e9s elsz\u00e1moltathatj\u00e1k \u0151ket egy adott k\u00e9rd\u00e9sben Minden eddigin\u00e9l nagyobb sz\u00fcks\u00e9g\u00fck van az eur\u00f3pai fogyaszt\u00f3knak olyan politikai szerepl\u0151kre, akik k\u00e9pesek megbirk\u00f3zni a kih\u00edv\u00e1sokkal. viharos id\u0151k. 6. \u00e9s\u2026<\/p>","protected":false},"author":3,"featured_media":597,"comment_status":"open","ping_status":"open","sticky":false,"template":"","format":"standard","meta":{"_acf_changed":false,"_genesis_block_theme_hide_title":false,"footnotes":""},"categories":[7],"tags":[],"class_list":{"0":"post-596","1":"post","2":"type-post","3":"status-publish","4":"format-standard","5":"has-post-thumbnail","6":"hentry","7":"category-blog","9":"with-featured-image"},"acf":[],"yoast_head":"<!-- This site is optimized with the Yoast SEO plugin v25.8 - https:\/\/yoast.com\/wordpress\/plugins\/seo\/ -->\n<title>New Consumer Champs survey is the perfect opportunity for EU policymakers and consumers to make their voices heard - Consumer Champs<\/title>\n<meta name=\"robots\" content=\"index, follow, max-snippet:-1, max-image-preview:large, max-video-preview:-1\" \/>\n<link rel=\"canonical\" href=\"https:\/\/consumerchamps.eu\/hu\/az-uj-fogyasztoi-bajnokok-felmerese-tokeletes-alkalom-az-unios-donteshozok-es-fogyasztok-szamara-hogy-hallassak-hangjukat\/\" \/>\n<meta property=\"og:locale\" content=\"hu_HU\" \/>\n<meta property=\"og:type\" content=\"article\" \/>\n<meta property=\"og:title\" content=\"New Consumer Champs survey is the perfect opportunity for EU policymakers and consumers to make their voices heard - Consumer Champs\" \/>\n<meta property=\"og:description\" content=\"The new Consumer Champs survey can act as an important tool heading in the upcoming European elections where consumers can learn more about their candidates and hold them to account on any given issue More than ever, European consumers need political figures who can rise to the challenges of these turbulent times. Between the 6th&nbsp;and &hellip;\" \/>\n<meta property=\"og:url\" content=\"https:\/\/consumerchamps.eu\/hu\/az-uj-fogyasztoi-bajnokok-felmerese-tokeletes-alkalom-az-unios-donteshozok-es-fogyasztok-szamara-hogy-hallassak-hangjukat\/\" \/>\n<meta property=\"og:site_name\" content=\"Consumer Champs\" \/>\n<meta property=\"article:published_time\" content=\"2024-02-16T10:25:20+00:00\" \/>\n<meta property=\"og:image\" content=\"https:\/\/consumerchamps.eu\/wp-content\/uploads\/2024\/02\/Parliament_Magazine_Media_Hit.png\" \/>\n\t<meta property=\"og:image:width\" content=\"940\" \/>\n\t<meta property=\"og:image:height\" content=\"788\" \/>\n\t<meta property=\"og:image:type\" content=\"image\/png\" \/>\n<meta name=\"author\" content=\"Fabio Fernandes\" \/>\n<meta name=\"twitter:card\" content=\"summary_large_image\" \/>\n<meta name=\"twitter:label1\" content=\"Szerz\u0151:\" \/>\n\t<meta name=\"twitter:data1\" content=\"Fabio Fernandes\" \/>\n\t<meta name=\"twitter:label2\" content=\"Becs\u00fclt olvas\u00e1si id\u0151\" \/>\n\t<meta name=\"twitter:data2\" content=\"3 perc\" \/>\n<script type=\"application\/ld+json\" class=\"yoast-schema-graph\">{\"@context\":\"https:\/\/schema.org\",\"@graph\":[{\"@type\":\"Article\",\"@id\":\"https:\/\/consumerchamps.eu\/new-consumer-champs-survey-is-the-perfect-opportunity-for-eu-policymakers-and-consumers-to-make-their-voices-heard\/#article\",\"isPartOf\":{\"@id\":\"https:\/\/consumerchamps.eu\/new-consumer-champs-survey-is-the-perfect-opportunity-for-eu-policymakers-and-consumers-to-make-their-voices-heard\/\"},\"author\":{\"name\":\"Fabio Fernandes\",\"@id\":\"https:\/\/consumerchamps.eu\/pt\/#\/schema\/person\/12bd265ccd04eb8483ac552c20b53ecc\"},\"headline\":\"New Consumer Champs survey is the perfect opportunity for EU policymakers and consumers to make their voices heard\",\"datePublished\":\"2024-02-16T10:25:20+00:00\",\"mainEntityOfPage\":{\"@id\":\"https:\/\/consumerchamps.eu\/new-consumer-champs-survey-is-the-perfect-opportunity-for-eu-policymakers-and-consumers-to-make-their-voices-heard\/\"},\"wordCount\":599,\"commentCount\":0,\"publisher\":{\"@id\":\"https:\/\/consumerchamps.eu\/pt\/#organization\"},\"image\":{\"@id\":\"https:\/\/consumerchamps.eu\/new-consumer-champs-survey-is-the-perfect-opportunity-for-eu-policymakers-and-consumers-to-make-their-voices-heard\/#primaryimage\"},\"thumbnailUrl\":\"https:\/\/consumerchamps.eu\/wp-content\/uploads\/2024\/02\/Parliament_Magazine_Media_Hit.png\",\"articleSection\":[\"Blog\"],\"inLanguage\":\"hu\",\"potentialAction\":[{\"@type\":\"CommentAction\",\"name\":\"Comment\",\"target\":[\"https:\/\/consumerchamps.eu\/new-consumer-champs-survey-is-the-perfect-opportunity-for-eu-policymakers-and-consumers-to-make-their-voices-heard\/#respond\"]}]},{\"@type\":\"WebPage\",\"@id\":\"https:\/\/consumerchamps.eu\/new-consumer-champs-survey-is-the-perfect-opportunity-for-eu-policymakers-and-consumers-to-make-their-voices-heard\/\",\"url\":\"https:\/\/consumerchamps.eu\/new-consumer-champs-survey-is-the-perfect-opportunity-for-eu-policymakers-and-consumers-to-make-their-voices-heard\/\",\"name\":\"New Consumer Champs survey is the perfect opportunity for EU policymakers and consumers to make their voices heard - Consumer Champs\",\"isPartOf\":{\"@id\":\"https:\/\/consumerchamps.eu\/pt\/#website\"},\"primaryImageOfPage\":{\"@id\":\"https:\/\/consumerchamps.eu\/new-consumer-champs-survey-is-the-perfect-opportunity-for-eu-policymakers-and-consumers-to-make-their-voices-heard\/#primaryimage\"},\"image\":{\"@id\":\"https:\/\/consumerchamps.eu\/new-consumer-champs-survey-is-the-perfect-opportunity-for-eu-policymakers-and-consumers-to-make-their-voices-heard\/#primaryimage\"},\"thumbnailUrl\":\"https:\/\/consumerchamps.eu\/wp-content\/uploads\/2024\/02\/Parliament_Magazine_Media_Hit.png\",\"datePublished\":\"2024-02-16T10:25:20+00:00\",\"breadcrumb\":{\"@id\":\"https:\/\/consumerchamps.eu\/new-consumer-champs-survey-is-the-perfect-opportunity-for-eu-policymakers-and-consumers-to-make-their-voices-heard\/#breadcrumb\"},\"inLanguage\":\"hu\",\"potentialAction\":[{\"@type\":\"ReadAction\",\"target\":[\"https:\/\/consumerchamps.eu\/new-consumer-champs-survey-is-the-perfect-opportunity-for-eu-policymakers-and-consumers-to-make-their-voices-heard\/\"]}]},{\"@type\":\"ImageObject\",\"inLanguage\":\"hu\",\"@id\":\"https:\/\/consumerchamps.eu\/new-consumer-champs-survey-is-the-perfect-opportunity-for-eu-policymakers-and-consumers-to-make-their-voices-heard\/#primaryimage\",\"url\":\"https:\/\/consumerchamps.eu\/wp-content\/uploads\/2024\/02\/Parliament_Magazine_Media_Hit.png\",\"contentUrl\":\"https:\/\/consumerchamps.eu\/wp-content\/uploads\/2024\/02\/Parliament_Magazine_Media_Hit.png\",\"width\":940,\"height\":788},{\"@type\":\"BreadcrumbList\",\"@id\":\"https:\/\/consumerchamps.eu\/new-consumer-champs-survey-is-the-perfect-opportunity-for-eu-policymakers-and-consumers-to-make-their-voices-heard\/#breadcrumb\",\"itemListElement\":[{\"@type\":\"ListItem\",\"position\":1,\"name\":\"Home\",\"item\":\"https:\/\/consumerchamps.eu\/pt\/\"},{\"@type\":\"ListItem\",\"position\":2,\"name\":\"New Consumer Champs survey is the perfect opportunity for EU policymakers and consumers to make their voices heard\"}]},{\"@type\":\"WebSite\",\"@id\":\"https:\/\/consumerchamps.eu\/pt\/#website\",\"url\":\"https:\/\/consumerchamps.eu\/pt\/\",\"name\":\"Consumer Champs\",\"description\":\"Empowering Voices, Inspiring Change: Where Consumer Champions Shape Tomorrow&#039;s Choices\",\"publisher\":{\"@id\":\"https:\/\/consumerchamps.eu\/pt\/#organization\"},\"potentialAction\":[{\"@type\":\"SearchAction\",\"target\":{\"@type\":\"EntryPoint\",\"urlTemplate\":\"https:\/\/consumerchamps.eu\/pt\/?s={search_term_string}\"},\"query-input\":{\"@type\":\"PropertyValueSpecification\",\"valueRequired\":true,\"valueName\":\"search_term_string\"}}],\"inLanguage\":\"hu\"},{\"@type\":\"Organization\",\"@id\":\"https:\/\/consumerchamps.eu\/pt\/#organization\",\"name\":\"Consumer Champs\",\"url\":\"https:\/\/consumerchamps.eu\/pt\/\",\"logo\":{\"@type\":\"ImageObject\",\"inLanguage\":\"hu\",\"@id\":\"https:\/\/consumerchamps.eu\/pt\/#\/schema\/logo\/image\/\",\"url\":\"https:\/\/consumerchamps.eu\/wp-content\/uploads\/2023\/11\/CC_Logo_Gold.png\",\"contentUrl\":\"https:\/\/consumerchamps.eu\/wp-content\/uploads\/2023\/11\/CC_Logo_Gold.png\",\"width\":199,\"height\":78,\"caption\":\"Consumer Champs\"},\"image\":{\"@id\":\"https:\/\/consumerchamps.eu\/pt\/#\/schema\/logo\/image\/\"}},{\"@type\":\"Person\",\"@id\":\"https:\/\/consumerchamps.eu\/pt\/#\/schema\/person\/12bd265ccd04eb8483ac552c20b53ecc\",\"name\":\"Fabio Fernandes\",\"image\":{\"@type\":\"ImageObject\",\"inLanguage\":\"hu\",\"@id\":\"https:\/\/consumerchamps.eu\/pt\/#\/schema\/person\/image\/\",\"url\":\"https:\/\/secure.gravatar.com\/avatar\/54a418fee23e259ec6793cf08b985521039f503516ed5a3eab8d9089c02236b2?s=96&d=mm&r=g\",\"contentUrl\":\"https:\/\/secure.gravatar.com\/avatar\/54a418fee23e259ec6793cf08b985521039f503516ed5a3eab8d9089c02236b2?s=96&d=mm&r=g\",\"caption\":\"Fabio Fernandes\"},\"url\":\"https:\/\/consumerchamps.eu\/hu\/author\/fabio\/\"}]}<\/script>\n<!-- \/ Yoast SEO plugin. -->","yoast_head_json":{"title":"Az \u00faj Consumer Champs felm\u00e9r\u00e9s t\u00f6k\u00e9letes lehet\u0151s\u00e9g az uni\u00f3s d\u00f6nt\u00e9shoz\u00f3k \u00e9s fogyaszt\u00f3k sz\u00e1m\u00e1ra, hogy hallass\u00e1k hangjukat \u2013 Consumer Champs","robots":{"index":"index","follow":"follow","max-snippet":"max-snippet:-1","max-image-preview":"max-image-preview:large","max-video-preview":"max-video-preview:-1"},"canonical":"https:\/\/consumerchamps.eu\/hu\/az-uj-fogyasztoi-bajnokok-felmerese-tokeletes-alkalom-az-unios-donteshozok-es-fogyasztok-szamara-hogy-hallassak-hangjukat\/","og_locale":"hu_HU","og_type":"article","og_title":"New Consumer Champs survey is the perfect opportunity for EU policymakers and consumers to make their voices heard - Consumer Champs","og_description":"The new Consumer Champs survey can act as an important tool heading in the upcoming European elections where consumers can learn more about their candidates and hold them to account on any given issue More than ever, European consumers need political figures who can rise to the challenges of these turbulent times. Between the 6th&nbsp;and &hellip;","og_url":"https:\/\/consumerchamps.eu\/hu\/az-uj-fogyasztoi-bajnokok-felmerese-tokeletes-alkalom-az-unios-donteshozok-es-fogyasztok-szamara-hogy-hallassak-hangjukat\/","og_site_name":"Consumer Champs","article_published_time":"2024-02-16T10:25:20+00:00","og_image":[{"width":940,"height":788,"url":"https:\/\/consumerchamps.eu\/wp-content\/uploads\/2024\/02\/Parliament_Magazine_Media_Hit.png","type":"image\/png"}],"author":"Fabio Fernandes","twitter_card":"summary_large_image","twitter_misc":{"Szerz\u0151:":"Fabio Fernandes","Becs\u00fclt olvas\u00e1si id\u0151":"3 perc"},"schema":{"@context":"https:\/\/schema.org","@graph":[{"@type":"Article","@id":"https:\/\/consumerchamps.eu\/new-consumer-champs-survey-is-the-perfect-opportunity-for-eu-policymakers-and-consumers-to-make-their-voices-heard\/#article","isPartOf":{"@id":"https:\/\/consumerchamps.eu\/new-consumer-champs-survey-is-the-perfect-opportunity-for-eu-policymakers-and-consumers-to-make-their-voices-heard\/"},"author":{"name":"Fabio Fernandes","@id":"https:\/\/consumerchamps.eu\/pt\/#\/schema\/person\/12bd265ccd04eb8483ac552c20b53ecc"},"headline":"New Consumer Champs survey is the perfect opportunity for EU policymakers and consumers to make their voices heard","datePublished":"2024-02-16T10:25:20+00:00","mainEntityOfPage":{"@id":"https:\/\/consumerchamps.eu\/new-consumer-champs-survey-is-the-perfect-opportunity-for-eu-policymakers-and-consumers-to-make-their-voices-heard\/"},"wordCount":599,"commentCount":0,"publisher":{"@id":"https:\/\/consumerchamps.eu\/pt\/#organization"},"image":{"@id":"https:\/\/consumerchamps.eu\/new-consumer-champs-survey-is-the-perfect-opportunity-for-eu-policymakers-and-consumers-to-make-their-voices-heard\/#primaryimage"},"thumbnailUrl":"https:\/\/consumerchamps.eu\/wp-content\/uploads\/2024\/02\/Parliament_Magazine_Media_Hit.png","articleSection":["Blog"],"inLanguage":"hu","potentialAction":[{"@type":"CommentAction","name":"Comment","target":["https:\/\/consumerchamps.eu\/new-consumer-champs-survey-is-the-perfect-opportunity-for-eu-policymakers-and-consumers-to-make-their-voices-heard\/#respond"]}]},{"@type":"WebPage","@id":"https:\/\/consumerchamps.eu\/new-consumer-champs-survey-is-the-perfect-opportunity-for-eu-policymakers-and-consumers-to-make-their-voices-heard\/","url":"https:\/\/consumerchamps.eu\/new-consumer-champs-survey-is-the-perfect-opportunity-for-eu-policymakers-and-consumers-to-make-their-voices-heard\/","name":"Az \u00faj Consumer Champs felm\u00e9r\u00e9s t\u00f6k\u00e9letes lehet\u0151s\u00e9g az uni\u00f3s d\u00f6nt\u00e9shoz\u00f3k \u00e9s fogyaszt\u00f3k sz\u00e1m\u00e1ra, hogy hallass\u00e1k hangjukat \u2013 Consumer Champs","isPartOf":{"@id":"https:\/\/consumerchamps.eu\/pt\/#website"},"primaryImageOfPage":{"@id":"https:\/\/consumerchamps.eu\/new-consumer-champs-survey-is-the-perfect-opportunity-for-eu-policymakers-and-consumers-to-make-their-voices-heard\/#primaryimage"},"image":{"@id":"https:\/\/consumerchamps.eu\/new-consumer-champs-survey-is-the-perfect-opportunity-for-eu-policymakers-and-consumers-to-make-their-voices-heard\/#primaryimage"},"thumbnailUrl":"https:\/\/consumerchamps.eu\/wp-content\/uploads\/2024\/02\/Parliament_Magazine_Media_Hit.png","datePublished":"2024-02-16T10:25:20+00:00","breadcrumb":{"@id":"https:\/\/consumerchamps.eu\/new-consumer-champs-survey-is-the-perfect-opportunity-for-eu-policymakers-and-consumers-to-make-their-voices-heard\/#breadcrumb"},"inLanguage":"hu","potentialAction":[{"@type":"ReadAction","target":["https:\/\/consumerchamps.eu\/new-consumer-champs-survey-is-the-perfect-opportunity-for-eu-policymakers-and-consumers-to-make-their-voices-heard\/"]}]},{"@type":"ImageObject","inLanguage":"hu","@id":"https:\/\/consumerchamps.eu\/new-consumer-champs-survey-is-the-perfect-opportunity-for-eu-policymakers-and-consumers-to-make-their-voices-heard\/#primaryimage","url":"https:\/\/consumerchamps.eu\/wp-content\/uploads\/2024\/02\/Parliament_Magazine_Media_Hit.png","contentUrl":"https:\/\/consumerchamps.eu\/wp-content\/uploads\/2024\/02\/Parliament_Magazine_Media_Hit.png","width":940,"height":788},{"@type":"BreadcrumbList","@id":"https:\/\/consumerchamps.eu\/new-consumer-champs-survey-is-the-perfect-opportunity-for-eu-policymakers-and-consumers-to-make-their-voices-heard\/#breadcrumb","itemListElement":[{"@type":"ListItem","position":1,"name":"Home","item":"https:\/\/consumerchamps.eu\/pt\/"},{"@type":"ListItem","position":2,"name":"New Consumer Champs survey is the perfect opportunity for EU policymakers and consumers to make their voices heard"}]},{"@type":"WebSite","@id":"https:\/\/consumerchamps.eu\/pt\/#website","url":"https:\/\/consumerchamps.eu\/pt\/","name":"Consumer Champs","description":"Er\u0151s\u00edt\u0151 hangok, inspir\u00e1l\u00f3 v\u00e1ltoz\u00e1s: ahol a fogyaszt\u00f3i bajnokok alak\u00edtj\u00e1k a holnap d\u00f6nt\u00e9seit","publisher":{"@id":"https:\/\/consumerchamps.eu\/pt\/#organization"},"potentialAction":[{"@type":"SearchAction","target":{"@type":"EntryPoint","urlTemplate":"https:\/\/consumerchamps.eu\/pt\/?s={search_term_string}"},"query-input":{"@type":"PropertyValueSpecification","valueRequired":true,"valueName":"search_term_string"}}],"inLanguage":"hu"},{"@type":"Organization","@id":"https:\/\/consumerchamps.eu\/pt\/#organization","name":"Consumer Champs","url":"https:\/\/consumerchamps.eu\/pt\/","logo":{"@type":"ImageObject","inLanguage":"hu","@id":"https:\/\/consumerchamps.eu\/pt\/#\/schema\/logo\/image\/","url":"https:\/\/consumerchamps.eu\/wp-content\/uploads\/2023\/11\/CC_Logo_Gold.png","contentUrl":"https:\/\/consumerchamps.eu\/wp-content\/uploads\/2023\/11\/CC_Logo_Gold.png","width":199,"height":78,"caption":"Consumer Champs"},"image":{"@id":"https:\/\/consumerchamps.eu\/pt\/#\/schema\/logo\/image\/"}},{"@type":"Person","@id":"https:\/\/consumerchamps.eu\/pt\/#\/schema\/person\/12bd265ccd04eb8483ac552c20b53ecc","name":"Fabio Fernandes","image":{"@type":"ImageObject","inLanguage":"hu","@id":"https:\/\/consumerchamps.eu\/pt\/#\/schema\/person\/image\/","url":"https:\/\/secure.gravatar.com\/avatar\/54a418fee23e259ec6793cf08b985521039f503516ed5a3eab8d9089c02236b2?s=96&d=mm&r=g","contentUrl":"https:\/\/secure.gravatar.com\/avatar\/54a418fee23e259ec6793cf08b985521039f503516ed5a3eab8d9089c02236b2?s=96&d=mm&r=g","caption":"Fabio Fernandes"},"url":"https:\/\/consumerchamps.eu\/hu\/author\/fabio\/"}]}},"featured_image_src":"https:\/\/consumerchamps.eu\/wp-content\/uploads\/2024\/02\/Parliament_Magazine_Media_Hit-600x400.png","featured_image_src_square":"https:\/\/consumerchamps.eu\/wp-content\/uploads\/2024\/02\/Parliament_Magazine_Media_Hit-600x600.png","author_info":{"display_name":"Fabio Fernandes","author_link":"https:\/\/consumerchamps.eu\/hu\/author\/fabio\/"},"_links":{"self":[{"href":"https:\/\/consumerchamps.eu\/hu\/wp-json\/wp\/v2\/posts\/596","targetHints":{"allow":["GET"]}}],"collection":[{"href":"https:\/\/consumerchamps.eu\/hu\/wp-json\/wp\/v2\/posts"}],"about":[{"href":"https:\/\/consumerchamps.eu\/hu\/wp-json\/wp\/v2\/types\/post"}],"author":[{"embeddable":true,"href":"https:\/\/consumerchamps.eu\/hu\/wp-json\/wp\/v2\/users\/3"}],"replies":[{"embeddable":true,"href":"https:\/\/consumerchamps.eu\/hu\/wp-json\/wp\/v2\/comments?post=596"}],"version-history":[{"count":0,"href":"https:\/\/consumerchamps.eu\/hu\/wp-json\/wp\/v2\/posts\/596\/revisions"}],"wp:featuredmedia":[{"embeddable":true,"href":"https:\/\/consumerchamps.eu\/hu\/wp-json\/wp\/v2\/media\/597"}],"wp:attachment":[{"href":"https:\/\/consumerchamps.eu\/hu\/wp-json\/wp\/v2\/media?parent=596"}],"wp:term":[{"taxonomy":"category","embeddable":true,"href":"https:\/\/consumerchamps.eu\/hu\/wp-json\/wp\/v2\/categories?post=596"},{"taxonomy":"post_tag","embeddable":true,"href":"https:\/\/consumerchamps.eu\/hu\/wp-json\/wp\/v2\/tags?post=596"}],"curies":[{"name":"munkaf\u00fczet","href":"https:\/\/api.w.org\/{rel}","templated":true}]}}