{"id":963,"date":"2024-04-17T07:50:02","date_gmt":"2024-04-17T07:50:02","guid":{"rendered":"https:\/\/consumerchamps.eu\/?p=963"},"modified":"2024-04-17T08:10:58","modified_gmt":"2024-04-17T08:10:58","slug":"interju-birgit-weckler-kepviselojelolttel","status":"publish","type":"post","link":"https:\/\/consumerchamps.eu\/hu\/interju-birgit-weckler-kepviselojelolttel\/","title":{"rendered":"Interj\u00fa Birgit Weckler EP-k\u00e9pvisel\u0151jel\u00f6lttel"},"content":{"rendered":"<h3 class=\"wp-block-heading\"><strong><em>Korm\u00e1nyzati \u00fcgyek\u00e9rt felel\u0151s vezet\u0151nk, Kesz Zolt\u00e1n a k\u00f6zelm\u00faltban interj\u00fat k\u00e9sz\u00edtett a N\u00e9metorsz\u00e1gi Kereszt\u00e9nydemokrata Sz\u00f6vets\u00e9g EP-k\u00e9pvisel\u0151jel\u00f6ltj\u00e9vel, hogy meg\u00e9rtse Eur\u00f3pa j\u00f6v\u0151j\u00e9vel kapcsolatos \u00e1ll\u00e1spontj\u00e1t, a jelenlegi kih\u00edv\u00e1sok kezel\u00e9s\u00e9re javasolt strat\u00e9gi\u00e1kat, valamint a kritikus politikai k\u00e9rd\u00e9sekr\u0151l alkotott v\u00e9lem\u00e9ny\u00e9t.<\/em><\/strong><\/h3>\n\n\n\n<h4 class=\"wp-block-heading\"><strong>Melyek a legnagyobb kih\u00edv\u00e1sok, amelyekkel az EU jelenleg szembes\u00fcl?<\/strong><\/h4>\n\n\n\n<p><em>\u201eA legnagyobb kih\u00edv\u00e1sok a k\u00f6vetkez\u0151k:&nbsp;<\/em><\/p>\n\n\n\n<p><em>(1) Juss konszenzusra az EU reformj\u00e1r\u00f3l, hogy az EU-t er\u0151s eur\u00f3pai vil\u00e1ghatalomk\u00e9nt, val\u00f3di v\u00e9delmi \u00e9s biztons\u00e1gi uni\u00f3val rendelkez\u0151 glob\u00e1lis hatalmakkal szemben er\u0151s eur\u00f3pai vil\u00e1ghatalomk\u00e9nt (l\u00e1sd a (2) bekezd\u00e9st al\u00e1bb) \u00e9s m\u00e9g er\u0151sebb versenyk\u00e9pes \u00e9s innovat\u00edv piacgazdas\u00e1gg\u00e1 alak\u00edts\u00e1k. nemzeti \u00e9rdekek helyett val\u00f3di uni\u00f3s \u00e9rdekek vez\u00e9rlik&nbsp;<\/em><\/p>\n\n\n\n<p><em>(2) Jelent\u0151sen meg kell er\u0151s\u00edteni az eur\u00f3pai v\u00e9delmi, biztons\u00e1gi \u00e9s katonai kapacit\u00e1st valamennyi uni\u00f3s polg\u00e1r v\u00e9delme \u00e9rdek\u00e9ben<\/em>&nbsp;<\/p>\n\n\n\n<p><em>(3) Az EU-ba \u00e9rkez\u0151 menek\u00fcltek nagy sz\u00e1ma&nbsp;<\/em>&nbsp;<\/p>\n\n\n\n<p><em>(4) A demokr\u00e1ci\u00e1t fenyeget\u0151 sz\u00e9ls\u0151s\u00e9ges p\u00e1rtok \u00e9s mozgalmak az EU-ban. (5) Kibert\u00e1mad\u00e1sok&nbsp;&nbsp;<\/em><\/p>\n\n\n\n<p><em>(6) Szakk\u00e9pzett munkaer\u0151 hi\u00e1nya&nbsp;<\/em><\/p>\n\n\n\n<p><em>(7) Demogr\u00e1fiai fejl\u0151d\u00e9s az EU-ban<\/em>&nbsp;&nbsp;<\/p>\n\n\n\n<p><em>(8) \u00c9ghajlatv\u00e1ltoz\u00e1s<\/em>&nbsp;<\/p>\n\n\n\n<p><em>(9) B\u00fcrokr\u00e1cia&nbsp;<\/em><\/p>\n\n\n\n<p><em>(10) \u00c1lh\u00edrek&nbsp;<\/em><\/p>\n\n\n\n<p><em>(11) Az emberek egyenl\u0151tlens\u00e9ge az EU-n bel\u00fcl, de glob\u00e1lisan is&nbsp;<\/em><\/p>\n\n\n\n<p><em>(12) Cs\u00f6kkent nemzetk\u00f6zi egy\u00fcttm\u0171k\u00f6d\u00e9s a megn\u00f6vekedett nacionalizmussal kombin\u00e1lva.<\/em><\/p>\n\n\n\n<h4 class=\"wp-block-heading\"><strong>Milyen elk\u00e9pzel\u00e9sei vannak Eur\u00f3p\u00e1r\u00f3l a k\u00f6vetkez\u0151 \u00e9vtizedben?&nbsp;<\/strong><\/h4>\n\n\n\n<p><em>&#8220;<strong>a. Az EU er\u0151s eur\u00f3pai vil\u00e1ghatalomk\u00e9nt j\u00f6tt l\u00e9tre, amelyet m\u00e1s glob\u00e1lis hatalmak tisztelnek Eur\u00f3pa els\u0151dleges k\u00e9pvisel\u0151jek\u00e9nt\u00a0<\/strong><\/em><\/p>\n\n\n\n<p><em>Az EU er\u0151snek sz\u00e1m\u00edt <strong>Egy hangon k\u00e9pvisel\u0151 eur\u00f3pai vil\u00e1ghatalom <\/strong>tag\u00e1llamai Oroszorsz\u00e1ggal, K\u00edn\u00e1val, az USA-val, T\u00f6r\u00f6korsz\u00e1ggal \u00e9s m\u00e1s vil\u00e1ghatalmakkal szemben. Ennek \u00e9rdek\u00e9ben fontos egy val\u00f3di eur\u00f3pai v\u00e9delmi \u00e9s biztons\u00e1gi uni\u00f3 l\u00e9trehoz\u00e1sa. Megk\u00f6veteli tov\u00e1bb\u00e1, hogy a k\u00f6z\u00f6s k\u00fcl- \u00e9s biztons\u00e1gpolitik\u00e1val kapcsolatos uni\u00f3s d\u00f6nt\u00e9seket min\u0151s\u00edtett t\u00f6bbs\u00e9ggel hozz\u00e1k meg \u2013 egyhang\u00fa szavazat helyett az EU-tag\u00e1llamok katonai k\u00e9pess\u00e9geit \u00e9rdemben meger\u0151s\u00edtik, az EU-nak van v\u00e9delmi biztosa.&nbsp;<\/em><\/p>\n\n\n\n<p><em>Az EU l\u00e9trehozza saj\u00e1t <strong>saj\u00e1t digit\u00e1lis infrastrukt\u00fara <\/strong>\u00e9s biztos\u00edtja az EU hozz\u00e1f\u00e9r\u00e9s\u00e9t a biztons\u00e1gos, megfizethet\u0151 \u00e9s fenntarthat\u00f3 szolg\u00e1ltat\u00e1sokhoz <strong>kritikus nyersanyagok, chipek \u00e9s akkumul\u00e1torok sz\u00e1ll\u00edt\u00e1sa <\/strong>cs\u00f6kkentett f\u00fcgg\u0151s\u00e9ggel a harmadik orsz\u00e1gokt\u00f3l (azaz nem uni\u00f3s orsz\u00e1gokt\u00f3l).&nbsp;<\/em>&nbsp;<\/p>\n\n\n\n<p><em>Ahhoz, hogy m\u00e1s glob\u00e1lis hatalmak tisztelj\u00e9k, az EU a <strong>er\u0151s, versenyk\u00e9pes gazdas\u00e1gi piac <\/strong>vonz\u00f3 felt\u00e9telekkel az ipar, a v\u00e1llalkoz\u00e1sok, az indul\u00f3 v\u00e1llalkoz\u00e1sok, a tudom\u00e1ny \u00e9s a befektet\u0151k sz\u00e1m\u00e1ra, valamint a <strong>az innov\u00e1ci\u00f3, a moderniz\u00e1ci\u00f3 \u00e9s a digitaliz\u00e1ci\u00f3 l\u00e9gk\u00f6re, a szoci\u00e1lis piacgazdas\u00e1g koncepci\u00f3ja alapj\u00e1n, \u00e9s <\/strong>jelent\u0151sen cs\u00f6kkentette a b\u00fcrokr\u00e1ci\u00e1t.&nbsp;<\/em><\/p>\n\n\n\n<p><em>Az EU a p\u00e9ldak\u00e9p vil\u00e1gszerte <strong>a kl\u00edmav\u00e9delmi c\u00e9lkit\u0171z\u00e9sek hat\u00e9kony el\u00e9r\u00e9se<\/strong>, amely a technol\u00f3giai innov\u00e1ci\u00f3ra \u00e9s a szoci\u00e1lis piacgazdas\u00e1g koncepci\u00f3j\u00e1ra \u00e9p\u00fcl.&nbsp;<\/em><\/p>\n\n\n\n<p><em><strong>Az EU hat\u00e9konyan v\u00e9di hat\u00e1rait <\/strong>a Frontex uni\u00f3s hat\u00f3s\u00e1g\u00e1nak er\u0151s mand\u00e1tum\u00e1val \u00e9s mind a 27 tag\u00e1llam hozz\u00e1j\u00e1rul\u00e1s\u00e1val, valamint meghat\u00e1rozza \u00e9s hat\u00e9konyan \u00e9rv\u00e9nyes\u00edti <strong>k\u00f6z\u00f6s migr\u00e1ci\u00f3s politika&nbsp; <\/strong>tiszteletben tartva az emberi jogokat, valamint saj\u00e1t \u00e9rdekei \u00e9s sz\u00fcks\u00e9gletei alapj\u00e1n.&nbsp;<\/em><\/p>\n\n\n\n<p><strong><em>b. A demokratikus elemek jelent\u0151sen meger\u0151s\u00f6dtek az EU-ban\u00a0<\/em><\/strong><\/p>\n\n\n\n<p><em>Az EU eur\u00f3pai vil\u00e1ghatalomm\u00e1 v\u00e1l\u00e1s\u00e1val p\u00e1rhuzamosan (l\u00e1sd a fenti a) pontot) az EU \u201ebels\u0151 demokratiz\u00e1l\u00f3d\u00e1sa\u201d jelent\u0151sen meger\u0151s\u00f6dik. Ez mag\u00e1ban foglalja k\u00fcl\u00f6n\u00f6sen az Eur\u00f3pai Parlament er\u0151sebb szerep\u00e9t a bizotts\u00e1g \u2013 bele\u00e9rtve annak eln\u00f6k\u00e9t \u2013 kinevez\u00e9s\u00e9ben, a jogalkot\u00e1si egy\u00fcttd\u00f6nt\u00e9si jogk\u00f6rt, valamint a jogi kezdem\u00e9nyez\u00e9s teljes k\u00f6r\u0171 jog\u00e1t. Emellett cs\u00f6kken a bizotts\u00e1gi tagok sz\u00e1ma (pl. 15 biztos). Ezeket m\u00e1r nem a nemzeti korm\u00e1nyoknak kell javasolniuk, hanem a Bizotts\u00e1g eln\u00f6kjel\u00f6ltj\u00e9nek kell kineveznie, majd a Tan\u00e1csnak \u00e9s a Parlamentnek is j\u00f3v\u00e1hagynia.<\/em><\/p>\n\n\n\n<p><em>Az uni\u00f3s politika val\u00f3di uni\u00f3s \u00e9rdekeit szolg\u00e1l\u00f3 el\u0151mozd\u00edt\u00e1sa \u00e9rdek\u00e9ben az Eur\u00f3pai Parlament v\u00e1laszt\u00e1si rendszer\u00e9t a transznacion\u00e1lis p\u00e1rtlist\u00e1k elemei eg\u00e9sz\u00edtik ki. A t\u00edz \u00e9v m\u00falva esed\u00e9kes eur\u00f3pai parlamenti v\u00e1laszt\u00e1sokon az eur\u00f3pai parlamenti jel\u00f6ltek v\u00e1laszt\u00e1si kamp\u00e1nya (r\u00e9szben) hat\u00e1rokon \u00e1tny\u00fal\u00f3, az eg\u00e9sz EU-ra kiterjed\u0151 kamp\u00e1nyk\u00e9nt zajlik, amely az \u00f6sszes uni\u00f3s polg\u00e1rt bevonja ahelyett, hogy csak arra a tag\u00e1llamra koncentr\u00e1lna, amelyhez a jel\u00f6lt tartozik. E c\u00e9lb\u00f3l az EU \u00e1ltal minden jel\u00f6lt sz\u00e1m\u00e1ra biztos\u00edtott digitaliz\u00e1ci\u00f3 \u00e9s modern ford\u00edt\u00e1si eszk\u00f6z\u00f6k korszer\u0171 haszn\u00e1lat\u00e1nak r\u00e9sz\u00e9t kell k\u00e9peznie egy ilyen uni\u00f3s szint\u0171 v\u00e1laszt\u00e1si kamp\u00e1ny uni\u00f3s t\u00e1mogat\u00e1s\u00e1nak.&nbsp;<\/em><\/p>\n\n\n\n<p><em>Ez a h\u00e1rom pont az EU-reform r\u00e9szek\u00e9nt a k\u00f6vetkez\u0151 EU-konventben t\u00e1mogatni fogja, hogy az uni\u00f3s d\u00f6nt\u00e9seket k\u00f6z\u00e9pt\u00e1von, val\u00f3di uni\u00f3s szellemben hozz\u00e1k meg, l\u00e1sd a c) pontot. lent.&nbsp;<\/em><\/p>\n\n\n\n<p><strong><em>c. A harmoniz\u00e1lt\/integr\u00e1lt ter\u00fcleteken az EU politik\u00e1j\u00e1t val\u00f3di uni\u00f3s \u00e9rdekek vez\u00e9rlik, nem pedig nemzeti \u00e9rdekek&nbsp;<\/em><\/strong><\/p>\n\n\n\n<p><em>A harmoniz\u00e1lt\/integr\u00e1lt ter\u00fcleteken az EU d\u00f6nt\u00e9seit a. szellem\u00e9ben hozz\u00e1k meg <strong>val\u00f3di uni\u00f3s \u00e9rdek <\/strong>ahelyett, hogy a nemzeti \u00e9rdekek kompromisszuma lenne.&nbsp;<\/em><\/p>\n\n\n\n<p><em>Az uni\u00f3s polg\u00e1rok a \u201e<strong>eur\u00f3pai \u00e9letm\u00f3d<\/strong>\u201c. A k\u00f6zponti \u00e9rt\u00e9kek k\u00f6z\u00e9 tartozik az emberi m\u00e9lt\u00f3s\u00e1g, a b\u00e9ke \u00e9s szabads\u00e1g, a demokr\u00e1cia, az emberi jogok, az egyenl\u0151s\u00e9g, a jog\u00e1llamis\u00e1g, valamint a t\u00e1rsadalmi \u00e9s \u00f6kol\u00f3giai felel\u0151ss\u00e9g.&nbsp;<\/em><\/p>\n\n\n\n<p><em>Vannak <strong>EU-s egyetemek <\/strong>az EU \u00e1ltal \u201eharmoniz\u00e1lt\u201d ter\u00fcleteken, mint p\u00e9ld\u00e1ul az EKB bankfel\u00fcgyelete, az EKB monet\u00e1ris politik\u00e1ja, a hitelint\u00e9zetek szan\u00e1l\u00e1sa, a versenyjog, valamint a p\u00e9nzmos\u00e1s \u00e9s a terrorizmus finansz\u00edroz\u00e1sa elleni k\u00fczdelem. Az oktat\u00e1si rendszer tov\u00e1bbra is a <strong>a tag\u00e1llamok hat\u00e1sk\u00f6r\u00e9be tartozik<\/strong>.&nbsp;<\/em><\/p>\n\n\n\n<p><em><b>Az uni\u00f3s polg\u00e1rok k\u00f6z\u00fcl 70 % foly\u00e9konyan besz\u00e9l legal\u00e1bb 2 uni\u00f3s nyelvet, \u00e9s 50%, i<\/b>foglalkozik 3 EU nyelvvel. Ez a c\u00e9l minden uni\u00f3s polg\u00e1r sz\u00e1m\u00e1ra, f\u00fcggetlen\u00fcl iskolai v\u00e9gzetts\u00e9g\u00e9t\u0151l \u00e9s att\u00f3l, hogy nagyv\u00e1rosban vagy vid\u00e9ken \u00e9lnek-e.&nbsp;<\/em><\/p>\n\n\n\n<p><strong><em>d. A feladatok egy\u00e9rtelm\u0171bb eloszt\u00e1sa az EU \u00e9s a nemzeti szint k\u00f6z\u00f6tt az egy\u00e9rtelm\u0171s\u00e9g kedv\u00e9\u00e9rt<\/em>&nbsp;<\/strong><\/p>\n\n\n\n<p><em>A ter\u00fcletek a <strong>az EU \u00e9s a tag\u00e1llamok hat\u00e1sk\u00f6re vil\u00e1gosabban meghat\u00e1rozott <\/strong>az \u00e1tl\u00e1that\u00f3s\u00e1g \u00e9rdek\u00e9ben az uni\u00f3s polg\u00e1rok \u00e9s a d\u00f6nt\u00e9shoz\u00f3k sz\u00e1m\u00e1ra, annak \u00e9rdek\u00e9ben, hogy biztos\u00edts\u00e1k az \u00f6sszes uni\u00f3s polg\u00e1r \u00e9s az EU-tag\u00e1llamok k\u00f6z\u00f6s meg\u00e9rt\u00e9s\u00e9t \u00e9s bizalm\u00e1t.&nbsp;<\/em><\/p>\n\n\n\n<p><em>Fontos, hogy a <strong>Az EU tiszteletben tartja a nemzeti saj\u00e1toss\u00e1gokat, hagyom\u00e1nyokat \u00e9s saj\u00e1toss\u00e1gokat <\/strong>vall\u00e1si \u00fcnnepek \u00e9s region\u00e1lis term\u00e9kek. Ennek \u00e9rdek\u00e9ben a k\u00f6vetkez\u0151 uni\u00f3s reform sor\u00e1n meg kell er\u0151s\u00edteni a R\u00e9gi\u00f3k Eur\u00f3pai Bizotts\u00e1g\u00e1t.<\/em>&nbsp;<\/p>\n\n\n\n<p><em>Ezen k\u00edv\u00fcl a <strong>szubszidiarit\u00e1s elve <\/strong>Figyelembe kell venni, azaz egy\u00e9rtelm\u0171 haszonnal \u00e9s hozz\u00e1adott \u00e9rt\u00e9kkel kell j\u00e1rnia az uni\u00f3s polg\u00e1rok sz\u00e1m\u00e1ra, ha az EU nem a tag\u00e1llamok l\u00e9pnek fel, p\u00e9ld\u00e1ul a javasolt int\u00e9zked\u00e9s m\u00e9rt\u00e9ke \u00e9s hat\u00e1sai miatt.<\/em>&#8220;<\/p>\n\n\n\n<h4 class=\"wp-block-heading\"><strong>Hogyan l\u00e1tja az AI szerep\u00e9t a k\u00f6zelj\u00f6v\u0151ben? Mi a v\u00e9lem\u00e9nyed a szab\u00e1lyoz\u00e1sr\u00f3l?&nbsp;<\/strong><\/h4>\n\n\n\n<p>&#8220;<em><strong>Az AI nagyszer\u0171 lehet\u0151s\u00e9geket k\u00edn\u00e1l <\/strong>mint p\u00e9ld\u00e1ul a hat\u00e9konys\u00e1g n\u00f6vel\u00e9se, az eredm\u00e9nyek k\u00f6vetkezetess\u00e9ge \u00e9s a munkaer\u0151 k\u00e9zi munk\u00e1j\u00e1nak felv\u00e1lt\u00e1sa, k\u00fcl\u00f6n\u00f6sen akkor, amikor minden szinten hi\u00e1nyzik a k\u00e9pzett munkaer\u0151. Fontos annak biztos\u00edt\u00e1sa, hogy az emberek, azaz az emberek hozz\u00e1k meg a d\u00f6nt\u0151 d\u00f6nt\u00e9seket, \u00e9s szorosan figyelemmel k\u00eds\u00e9rj\u00e9k a mesters\u00e9ges intelligencia fejleszt\u00e9s\u00e9t \u00e9s haszn\u00e1lat\u00e1t.&nbsp;&nbsp;<\/em><\/p>\n\n\n\n<p><em>T\u00e1mogatom a mesters\u00e9ges intelligencia korl\u00e1tozott szab\u00e1lyoz\u00e1s\u00e1t, ha konkr\u00e9t kock\u00e1zatokat (pl. emberi jogok megs\u00e9rt\u00e9se) azonos\u00edtanak. Ellenkez\u0151 esetben a mesters\u00e9ges intelligencia fejleszt\u00e9s\u00e9t \u00e9s haszn\u00e1lat\u00e1t a felhaszn\u00e1l\u00f3kra kell hagyni, hogy lehet\u0151v\u00e9 tegy\u00e9k az innov\u00e1ci\u00f3t \u00e9s a versenyt a b\u00fcrokr\u00e1cia t\u00falterhel\u00e9se n\u00e9lk\u00fcl. K\u00e9rem, tekintse meg a 6-os v\u00e1laszomat is.<\/em>&#8220;<\/p>\n\n\n\n<h4 class=\"wp-block-heading\"><strong>Hogyan profit\u00e1l Eur\u00f3pa a szabadkereskedelmi meg\u00e1llapod\u00e1sokb\u00f3l?<\/strong><\/h4>\n\n\n\n<p>&#8220;<em>2023-ban az EU-27 k\u00f6r\u00fclbel\u00fcl 2550 billi\u00f3 \u00e9rt\u00e9kben export\u00e1lt \u00e1rut <a href=\"https:\/\/de.statista.com\/statistik\/daten\/studie\/15724\/umfrage\/export-von-guetern-aus-der-eu\/\">eur\u00f3t<\/a>.<sup> <\/sup>A szabadkereskedelmi meg\u00e1llapod\u00e1sok cs\u00f6kkentik \u00e9s megsz\u00fcntetik a v\u00e1mokat, \u00e9s seg\u00edtenek felsz\u00e1molni azokat a hat\u00e1rokon \u00e1tny\u00fal\u00f3 akad\u00e1lyokat, amelyek egy\u00e9bk\u00e9nt akad\u00e1lyozn\u00e1k az \u00e1ruk \u00e9s szolg\u00e1ltat\u00e1sok \u00e1raml\u00e1s\u00e1t. \u00d6szt\u00f6nzi a k\u00fclf\u00f6ldi befektet\u00e9seket, el\u0151mozd\u00edtja a region\u00e1lis gazdas\u00e1got \u00e9s integr\u00e1ci\u00f3t, \u00e9s k\u00f6z\u00f6s megk\u00f6zel\u00edt\u00e9seket \u00e9p\u00edt ki a szabadkereskedelmi meg\u00e1llapod\u00e1sban r\u00e9szt vev\u0151 partnerek k\u00f6z\u00f6tt. \u00c1ltal\u00e1noss\u00e1gban elmondhat\u00f3, hogy \u00e9n ebben hiszek <strong>A szabadkereskedelmi meg\u00e1llapod\u00e1sok t\u00e1mogatj\u00e1k az \u00e9rintett orsz\u00e1gok gazdas\u00e1g\u00e1t \u00e9s gazdags\u00e1g\u00e1t, \u00e9s a fogyaszt\u00f3k jav\u00e1t szolg\u00e1lj\u00e1k<\/strong>.&nbsp;<\/em><\/p>\n\n\n\n<p><em>Ezen t\u00falmen\u0151en a szabadkereskedelmi meg\u00e1llapod\u00e1sok eszk\u00f6zt jelenthetnek a folyamatban l\u00e9v\u0151 hazai reformok, a kereskedelem liberaliz\u00e1ci\u00f3ja \u00e9s az \u00e9ghajlatv\u00e9delem \u00f6szt\u00f6nz\u00e9s\u00e9re, valamint <strong>emberi jogok <\/strong>a szabadkereskedelmi meg\u00e1llapod\u00e1st megk\u00f6t\u0151 orsz\u00e1gokban.<\/em>&#8220;<\/p>\n\n\n\n<h4 class=\"wp-block-heading\"><strong>Sok politikus besz\u00e9l az energia diverzifik\u00e1ci\u00f3j\u00e1r\u00f3l. Mi az ide\u00e1lis megold\u00e1s szerinted?&nbsp;<\/strong><\/h4>\n\n\n\n<p>&#8220;<em>Megl\u00e1t\u00e1som szerint a <strong>energiapolitika c\u00e9lja <\/strong>(i) megb\u00edzhat\u00f3 \u00e9s megfizethet\u0151 energia biztos\u00edt\u00e1sa az emberek \u00e9s az ipar sz\u00e1m\u00e1ra, (ii) t\u00e1mogassa az EU-t, mint er\u0151s gazdas\u00e1gi piacot, amely vonz\u00f3 felt\u00e9telekkel rendelkezik az ipar, az indul\u00f3 v\u00e1llalkoz\u00e1sok \u00e9s m\u00e1s befektet\u0151k sz\u00e1m\u00e1ra, \u00e9s (iii) a kl\u00edmasemlegess\u00e9g el\u00e9r\u00e9se a hat\u00e1rokon bel\u00fcl. az EU 2050-re.<\/em>&nbsp;<\/p>\n\n\n\n<p><em>Amennyire csak lehets\u00e9ges, <strong>a meg\u00fajul\u00f3 energi\u00e1t n\u00f6velni kell, \u00e9s fontos szerepet kell j\u00e1tszania<\/strong>. Tekintettel azonban arra, hogy a nap- \u00e9s sz\u00e9lenergia \u2013 ami kb. a meg\u00fajul\u00f3 energia 75 sz\u00e1zal\u00e9ka <a href=\"https:\/\/www.umweltbundesamt.de\/themen\/erstmals-ueber-die haelfte-des-stroms-in\">N\u00e9metorsz\u00e1g<\/a><sup> <\/sup>\u2013 a term\u00e9szett\u0151l \u00e9s a nem szab\u00e1lyozhat\u00f3 t\u00e9nyez\u0151kt\u0151l f\u00fcgg, sz\u00fcks\u00e9g van r\u00e1 <strong>elegend\u0151 m\u00e1s t\u00edpus is az energiaell\u00e1t\u00e1shoz <\/strong>szakaszosan alacsony naps\u00fct\u00e9ssel \u00e9s sz\u00e9llel (<strong>energiamix<\/strong>).&nbsp;&nbsp;<\/em><\/p>\n\n\n\n<p><em>El\u0151sz\u00f6r is, az ilyen sz\u00e9les energiamix lehet\u0151v\u00e9 t\u00e9tele \u00e9rdek\u00e9ben, tekintettel arra, hogy jelenleg nincs megold\u00e1s, alapvet\u0151 fontoss\u00e1g\u00fanak tartom, hogy lehet\u0151v\u00e9 tegy\u00fck az \u00f6sszes rendelkez\u00e9sre \u00e1ll\u00f3 technol\u00f3gia felhaszn\u00e1l\u00e1s\u00e1t \u00e9s kutat\u00e1s\u00e1t, bele\u00e9rtve a fotovoltaik\u00e1t, a sz\u00e9lenergi\u00e1t, a geotermikus energi\u00e1t, a v\u00edzenergi\u00e1t, a foly\u00e9kony \u00e9s a foly\u00e9kony energi\u00e1t. szil\u00e1rd biomassza, valamint az atomenergia \u00e9s az innovat\u00edv nukle\u00e1ris technol\u00f3gi\u00e1k, mint p\u00e9ld\u00e1ul a magf\u00fazi\u00f3. K\u00fcl\u00f6n\u00f6sen azt gondolom, hogy a bels\u0151\u00e9g\u00e9s\u0171 motorok (Verbrennermotor) uni\u00f3s szint\u0171 tilalm\u00e1t \u00fajra kellene gondolni \u00e9s vissza kell vonni, k\u00fcl\u00f6n\u00f6sen az e-\u00fczemanyagok haszn\u00e1lat\u00e1nak lehet\u0151v\u00e9 t\u00e9tele \u00e9rdek\u00e9ben, tekintettel az ezzel kapcsolatos sikeres k\u00eds\u00e9rleti tanulm\u00e1nyokra.&nbsp;<\/em><\/p>\n\n\n\n<p><em>M\u00e1sodszor, az elk\u00f6vetkez\u0151 2-3 \u00e9vben fontos, hogy az EU egy teljes \u00e9rt\u00e9k\u0171 energiauni\u00f3t hozzon l\u00e9tre az EU-n bel\u00fcl. Ehhez szoros egy\u00fcttm\u0171k\u00f6d\u00e9sre van sz\u00fcks\u00e9g a tagorsz\u00e1gok k\u00f6z\u00f6tt a hat\u00e1ron \u00e1tny\u00fal\u00f3 infrastrukt\u00fara \u00e9s az energia, pl. hidrog\u00e9n sz\u00e1ll\u00edt\u00e1s\u00e1ra szolg\u00e1l\u00f3 cs\u0151h\u00e1l\u00f3zat b\u0151v\u00edt\u00e9se \u00e9rdek\u00e9ben, valamint t\u00f6bb energetikai partners\u00e9g kialak\u00edt\u00e1sa megb\u00edzhat\u00f3 partnerekkel. Ezenk\u00edv\u00fcl bizonyos ter\u00fcleteken hasznos lehet egyn\u00e9l t\u00f6bb energia felhaszn\u00e1l\u00e1s\u00e1nak lehet\u0151s\u00e9ge a piaci fejlem\u00e9nyekhez val\u00f3 alkalmazkod\u00e1s \u00e9rdek\u00e9ben, p\u00e9ld\u00e1ul fotovoltaikus \u00e9s h\u0151szivatty\u00fas h\u00e1ztart\u00e1sokban vagy hibrid aut\u00f3kban, att\u00f3l f\u00fcgg\u0151en, hogy ez a k\u00f6lts\u00e9gek szempontj\u00e1b\u00f3l \u00e9sszer\u0171, \u00e9s f\u00fcgg a j\u00f6v\u0151beli technol\u00f3giai fejleszt\u00e9sekt\u0151l.<\/em>&#8220;<\/p>\n\n\n\n<h4 class=\"wp-block-heading\"><strong>Melyiket r\u00e9szes\u00edted el\u0151nyben \u00e9s mi\u00e9rt? Innov\u00e1ci\u00f3 kontra szab\u00e1lyoz\u00e1s?<\/strong><\/h4>\n\n\n\n<p><em>\u201eInk\u00e1bb a <strong>a szab\u00e1lyoz\u00e1s \u00e9s az innov\u00e1ci\u00f3 kombin\u00e1ci\u00f3ja<\/strong>, a k\u00e9rd\u00e9ses ter\u00fclett\u0151l f\u00fcgg\u0151en.&nbsp;&nbsp;<\/em><\/p>\n\n\n\n<p><em>A szab\u00e1lyoz\u00e1s hasznos lehet, ha (i) konkr\u00e9t kock\u00e1zatokat vagy probl\u00e9m\u00e1kat azonos\u00edtanak, vagy (ii) EU-kontextusban, ha sz\u00fcks\u00e9g van az EU-tag\u00e1llamok alapvet\u0151 k\u00f6z\u00f6s meg\u00e9rt\u00e9s\u00e9re a bizalom biztos\u00edt\u00e1sa, a f\u00e9lre\u00e9rt\u00e9sek elker\u00fcl\u00e9se \u00e9s egy szint t\u00e1mogat\u00e1sa \u00e9rdek\u00e9ben. j\u00e1t\u00e9kt\u00e9r.&nbsp;<\/em><\/p>\n\n\n\n<p><em>\u00c1ltal\u00e1noss\u00e1gban elmondhat\u00f3, hogy az \u00e1llam nem a jobb \u00fczletvezet\u0151. Ink\u00e1bb az ipar \u00e9s a mag\u00e1nszektor szak\u00e9rtelm\u00e9ben b\u00edzom. Enn\u00e9lfogva, hacsak nincs alapos indok egy szab\u00e1lyozand\u00f3 ter\u00fclet igazol\u00e1s\u00e1ra, \u00fagy gondolom, hogy a magas szint\u0171 szab\u00e1lyoz\u00e1si alapelvek, ha egy\u00e1ltal\u00e1n sz\u00fcks\u00e9g van r\u00e1, elegend\u0151ek ahhoz, hogy t\u00f6bb teret engedjenek az innov\u00e1ci\u00f3nak \u00e9s a kreativit\u00e1snak az ipar, a tudom\u00e1ny \u00e9s az indul\u00f3 v\u00e1llalkoz\u00e1sok sz\u00e1m\u00e1ra. ami szerintem jobb eredm\u00e9nyeket produk\u00e1l. Emellett el kell ker\u00fclni a felesleges b\u00fcrokr\u00e1ci\u00e1t.&nbsp;<\/em>&#8220;<\/p>\n\n\n\n<h4 class=\"wp-block-heading\"><strong>Mi aggasztja v\u00e1laszt\u00f3it az Eur\u00f3pai Uni\u00f3val kapcsolatban?&nbsp;<\/strong><\/h4>\n\n\n\n<p>&#8220;<em>A legfontosabb agg\u00e1lyok a k\u00f6vetkez\u0151k:&nbsp;<\/em><\/p>\n\n\n\n<p><em>\u2022 Az EU t\u00fal messzire megy a nemzeti hat\u00e1sk\u00f6rbe an\u00e9lk\u00fcl, hogy kell\u0151k\u00e9ppen figyelembe venn\u00e9 a nemzeti saj\u00e1toss\u00e1gokat \u00e9s a t\u00f6rt\u00e9nelmi fejlem\u00e9nyeket.&nbsp;<\/em><\/p>\n\n\n\n<p><em>\u2022 A d\u00f6nt\u00e9shozatal az EU-ban lass\u00fa \u00e9s nem mindig hat\u00e9kony.<\/em>&nbsp;<\/p>\n\n\n\n<p><em>\u2022 Az ar\u00e1nyoss\u00e1g hi\u00e1nya \u00e9s t\u00fal sok b\u00fcrokr\u00e1cia az uni\u00f3s szab\u00e1lyoz\u00e1sban.&nbsp;<\/em><\/p>\n\n\n\n<p><em>\u2022 A jog\u00e1llamis\u00e1g betart\u00e1s\u00e1nak \u00e9s \u00e9rv\u00e9nyes\u00edt\u00e9s\u00e9nek hi\u00e1nya egyes tag\u00e1llamokban. \u2022 Az egy h\u00e1ztart\u00e1sra jut\u00f3 vagyon egyes uni\u00f3s orsz\u00e1gokban, amelyek jelent\u0151sen hozz\u00e1j\u00e1rulnak az EU k\u00f6lts\u00e9gvet\u00e9s\u00e9hez, alacsonyabbnak t\u0171nik, mint n\u00e9h\u00e1ny m\u00e1s uni\u00f3s orsz\u00e1gban, amelyek jelent\u0151s m\u00e9rt\u00e9kben r\u00e9szes\u00fclnek az EU k\u00f6lts\u00e9gvet\u00e9s\u00e9b\u0151l \u00e9s az EU-b\u00f3l. <a href=\"https:\/\/www.focus.de\/finanzen\/news\/eu vergleich-deutsche-sind-die-armen-schlucker-europas_id_259566303.html\">programokat<\/a>.<sup> <\/sup>Vannak, akik ezt a helyzetet igazs\u00e1gtalannak tartj\u00e1k.&nbsp;<\/em><\/p>\n\n\n\n<p><em>\u2022 Nem minden tag\u00e1llam tartja tiszteletben a stabilit\u00e1si \u00e9s n\u00f6veked\u00e9si paktumot an\u00e9lk\u00fcl, hogy a Bizotts\u00e1g megfelel\u0151 l\u00e9p\u00e9seket tenne ennek biztos\u00edt\u00e1s\u00e1ra.\u201d<\/em><\/p>\n\n\n\n<h4 class=\"wp-block-heading\"><strong>\u00d6n szerint b\u00f6lcs dolog t\u00f6bb orsz\u00e1got befogadni az Uni\u00f3ba?<\/strong><\/h4>\n\n\n\n<p><em>\u201e\u00dagy gondolom, hogy politikai \u00e9s strat\u00e9giai c\u00e9lk\u00e9nt b\u00f6lcs dolog, hogy a balk\u00e1ni orsz\u00e1gok csatlakozzanak az EU-hoz, tekintettel f\u00f6ldrajzi elhelyezked\u00e9s\u00e9re. Mindazon\u00e1ltal, v\u00e9lem\u00e9nyem szerint, miel\u0151tt az orsz\u00e1gok csatlakozhatnak az EU-hoz, a k\u00f6vetkez\u0151 k\u00e9t alapvet\u0151 felt\u00e9telnek teljes\u00fclnie kell:&nbsp;<\/em><\/p>\n\n\n\n<p><em>a. A <strong>orsz\u00e1g teljes m\u00e9rt\u00e9kben megfelel a krit\u00e9riumoknak <\/strong>hogy csatlakozzon az EU-hoz.&nbsp;<\/em><\/p>\n\n\n\n<p><em>b. A <strong>Az EU-t meg kell reform\u00e1lni a csatlakoz\u00e1s el\u0151tt <\/strong>\u00faj tagorsz\u00e1gok az EU-hoz. Ellenkez\u0151 esetben a jelenlegi int\u00e9zm\u00e9nyi berendezked\u00e9s mellett, ha t\u00f6bb orsz\u00e1g csatlakozik, a mai \u00f6sszetett d\u00f6nt\u00e9shozatal m\u00e9g bonyolultabb\u00e1 v\u00e1lik, ami az EU cselekv\u0151k\u00e9pess\u00e9g\u00e9nek cs\u00f6kken\u00e9s\u00e9t fenyegeti.&nbsp;<\/em><\/p>\n\n\n\n<p><em>Mindk\u00e9t krit\u00e9rium vonatkozik a nyugat-balk\u00e1ni orsz\u00e1gokra, Ukrajn\u00e1ra \u00e9s Moldov\u00e1ra is.<\/em>&#8220;<\/p>","protected":false},"excerpt":{"rendered":"<p>Korm\u00e1nyzati \u00fcgyek\u00e9rt felel\u0151s vezet\u0151nk, Kesz Zolt\u00e1n a k\u00f6zelm\u00faltban interj\u00fat k\u00e9sz\u00edtett a N\u00e9metorsz\u00e1gi Kereszt\u00e9nydemokrata Sz\u00f6vets\u00e9g EP-k\u00e9pvisel\u0151jel\u00f6ltj\u00e9vel, hogy meg\u00e9rtse Eur\u00f3pa j\u00f6v\u0151j\u00e9vel kapcsolatos \u00e1ll\u00e1spontj\u00e1t, a jelenlegi kih\u00edv\u00e1sok kezel\u00e9s\u00e9re javasolt strat\u00e9gi\u00e1kat, valamint a kritikus politikai k\u00e9rd\u00e9sekr\u0151l alkotott v\u00e9lem\u00e9ny\u00e9t. Melyek a legnagyobb kih\u00edv\u00e1sok, amelyekkel az EU jelenleg szembes\u00fcl? \u201eA legnagyobb kih\u00edv\u00e1sok\u2026<\/p>","protected":false},"author":1,"featured_media":964,"comment_status":"open","ping_status":"open","sticky":false,"template":"","format":"standard","meta":{"_acf_changed":false,"_genesis_block_theme_hide_title":false,"footnotes":""},"categories":[7],"tags":[],"class_list":{"0":"post-963","1":"post","2":"type-post","3":"status-publish","4":"format-standard","5":"has-post-thumbnail","6":"hentry","7":"category-blog","9":"with-featured-image"},"acf":[],"yoast_head":"<!-- This site is optimized with the Yoast SEO plugin v25.8 - https:\/\/yoast.com\/wordpress\/plugins\/seo\/ -->\n<title>Interview with MEP candidate Birgit Weckler - Consumer Champs<\/title>\n<meta name=\"robots\" content=\"index, follow, max-snippet:-1, max-image-preview:large, max-video-preview:-1\" \/>\n<link rel=\"canonical\" href=\"https:\/\/consumerchamps.eu\/hu\/interju-birgit-weckler-kepviselojelolttel\/\" \/>\n<meta property=\"og:locale\" content=\"hu_HU\" \/>\n<meta property=\"og:type\" content=\"article\" \/>\n<meta property=\"og:title\" content=\"Interview with MEP candidate Birgit Weckler - Consumer Champs\" \/>\n<meta property=\"og:description\" content=\"Our Government affairs manager, Zoltan Kesz, recently interviewed an MEP candidate from the Christian Democratic Union of Germany to understand their perspective on the future of Europe, the strategies they recommend to address present challenges, and their opinions on crucial policy issues. What are the biggest challenges the EU is currently facing? &#8220;The biggest challenges &hellip;\" \/>\n<meta property=\"og:url\" content=\"https:\/\/consumerchamps.eu\/hu\/interju-birgit-weckler-kepviselojelolttel\/\" \/>\n<meta property=\"og:site_name\" content=\"Consumer Champs\" \/>\n<meta property=\"article:published_time\" content=\"2024-04-17T07:50:02+00:00\" \/>\n<meta property=\"article:modified_time\" content=\"2024-04-17T08:10:58+00:00\" \/>\n<meta property=\"og:image\" content=\"https:\/\/consumerchamps.eu\/wp-content\/uploads\/2024\/04\/eu-flag-blog-image.png\" \/>\n\t<meta property=\"og:image:width\" content=\"940\" \/>\n\t<meta property=\"og:image:height\" content=\"788\" \/>\n\t<meta property=\"og:image:type\" content=\"image\/png\" \/>\n<meta name=\"author\" content=\"consumerchamps\" \/>\n<meta name=\"twitter:card\" content=\"summary_large_image\" \/>\n<meta name=\"twitter:label1\" content=\"Szerz\u0151:\" \/>\n\t<meta name=\"twitter:data1\" content=\"consumerchamps\" \/>\n\t<meta name=\"twitter:label2\" content=\"Becs\u00fclt olvas\u00e1si id\u0151\" \/>\n\t<meta name=\"twitter:data2\" content=\"10 perc\" \/>\n<script type=\"application\/ld+json\" class=\"yoast-schema-graph\">{\"@context\":\"https:\/\/schema.org\",\"@graph\":[{\"@type\":\"Article\",\"@id\":\"https:\/\/consumerchamps.eu\/interview-with-mep-candidate-birgit-weckler\/#article\",\"isPartOf\":{\"@id\":\"https:\/\/consumerchamps.eu\/interview-with-mep-candidate-birgit-weckler\/\"},\"author\":{\"name\":\"consumerchamps\",\"@id\":\"https:\/\/consumerchamps.eu\/pt\/#\/schema\/person\/abee610907eeed950d696296af1e6ecb\"},\"headline\":\"Interview with MEP candidate Birgit Weckler\",\"datePublished\":\"2024-04-17T07:50:02+00:00\",\"dateModified\":\"2024-04-17T08:10:58+00:00\",\"mainEntityOfPage\":{\"@id\":\"https:\/\/consumerchamps.eu\/interview-with-mep-candidate-birgit-weckler\/\"},\"wordCount\":2030,\"commentCount\":0,\"publisher\":{\"@id\":\"https:\/\/consumerchamps.eu\/pt\/#organization\"},\"image\":{\"@id\":\"https:\/\/consumerchamps.eu\/interview-with-mep-candidate-birgit-weckler\/#primaryimage\"},\"thumbnailUrl\":\"https:\/\/consumerchamps.eu\/wp-content\/uploads\/2024\/04\/eu-flag-blog-image.png\",\"articleSection\":[\"Blog\"],\"inLanguage\":\"hu\",\"potentialAction\":[{\"@type\":\"CommentAction\",\"name\":\"Comment\",\"target\":[\"https:\/\/consumerchamps.eu\/interview-with-mep-candidate-birgit-weckler\/#respond\"]}]},{\"@type\":\"WebPage\",\"@id\":\"https:\/\/consumerchamps.eu\/interview-with-mep-candidate-birgit-weckler\/\",\"url\":\"https:\/\/consumerchamps.eu\/interview-with-mep-candidate-birgit-weckler\/\",\"name\":\"Interview with MEP candidate Birgit Weckler - Consumer Champs\",\"isPartOf\":{\"@id\":\"https:\/\/consumerchamps.eu\/pt\/#website\"},\"primaryImageOfPage\":{\"@id\":\"https:\/\/consumerchamps.eu\/interview-with-mep-candidate-birgit-weckler\/#primaryimage\"},\"image\":{\"@id\":\"https:\/\/consumerchamps.eu\/interview-with-mep-candidate-birgit-weckler\/#primaryimage\"},\"thumbnailUrl\":\"https:\/\/consumerchamps.eu\/wp-content\/uploads\/2024\/04\/eu-flag-blog-image.png\",\"datePublished\":\"2024-04-17T07:50:02+00:00\",\"dateModified\":\"2024-04-17T08:10:58+00:00\",\"breadcrumb\":{\"@id\":\"https:\/\/consumerchamps.eu\/interview-with-mep-candidate-birgit-weckler\/#breadcrumb\"},\"inLanguage\":\"hu\",\"potentialAction\":[{\"@type\":\"ReadAction\",\"target\":[\"https:\/\/consumerchamps.eu\/interview-with-mep-candidate-birgit-weckler\/\"]}]},{\"@type\":\"ImageObject\",\"inLanguage\":\"hu\",\"@id\":\"https:\/\/consumerchamps.eu\/interview-with-mep-candidate-birgit-weckler\/#primaryimage\",\"url\":\"https:\/\/consumerchamps.eu\/wp-content\/uploads\/2024\/04\/eu-flag-blog-image.png\",\"contentUrl\":\"https:\/\/consumerchamps.eu\/wp-content\/uploads\/2024\/04\/eu-flag-blog-image.png\",\"width\":940,\"height\":788},{\"@type\":\"BreadcrumbList\",\"@id\":\"https:\/\/consumerchamps.eu\/interview-with-mep-candidate-birgit-weckler\/#breadcrumb\",\"itemListElement\":[{\"@type\":\"ListItem\",\"position\":1,\"name\":\"Home\",\"item\":\"https:\/\/consumerchamps.eu\/pt\/\"},{\"@type\":\"ListItem\",\"position\":2,\"name\":\"Interview with MEP candidate Birgit Weckler\"}]},{\"@type\":\"WebSite\",\"@id\":\"https:\/\/consumerchamps.eu\/pt\/#website\",\"url\":\"https:\/\/consumerchamps.eu\/pt\/\",\"name\":\"Consumer Champs\",\"description\":\"Empowering Voices, Inspiring Change: Where Consumer Champions Shape Tomorrow&#039;s Choices\",\"publisher\":{\"@id\":\"https:\/\/consumerchamps.eu\/pt\/#organization\"},\"potentialAction\":[{\"@type\":\"SearchAction\",\"target\":{\"@type\":\"EntryPoint\",\"urlTemplate\":\"https:\/\/consumerchamps.eu\/pt\/?s={search_term_string}\"},\"query-input\":{\"@type\":\"PropertyValueSpecification\",\"valueRequired\":true,\"valueName\":\"search_term_string\"}}],\"inLanguage\":\"hu\"},{\"@type\":\"Organization\",\"@id\":\"https:\/\/consumerchamps.eu\/pt\/#organization\",\"name\":\"Consumer Champs\",\"url\":\"https:\/\/consumerchamps.eu\/pt\/\",\"logo\":{\"@type\":\"ImageObject\",\"inLanguage\":\"hu\",\"@id\":\"https:\/\/consumerchamps.eu\/pt\/#\/schema\/logo\/image\/\",\"url\":\"https:\/\/consumerchamps.eu\/wp-content\/uploads\/2023\/11\/CC_Logo_Gold.png\",\"contentUrl\":\"https:\/\/consumerchamps.eu\/wp-content\/uploads\/2023\/11\/CC_Logo_Gold.png\",\"width\":199,\"height\":78,\"caption\":\"Consumer Champs\"},\"image\":{\"@id\":\"https:\/\/consumerchamps.eu\/pt\/#\/schema\/logo\/image\/\"}},{\"@type\":\"Person\",\"@id\":\"https:\/\/consumerchamps.eu\/pt\/#\/schema\/person\/abee610907eeed950d696296af1e6ecb\",\"name\":\"consumerchamps\",\"image\":{\"@type\":\"ImageObject\",\"inLanguage\":\"hu\",\"@id\":\"https:\/\/consumerchamps.eu\/pt\/#\/schema\/person\/image\/\",\"url\":\"https:\/\/secure.gravatar.com\/avatar\/60494a730db86c4adb95d91824cf7b3210e83da78c8216541583cf81f8626eb3?s=96&d=mm&r=g\",\"contentUrl\":\"https:\/\/secure.gravatar.com\/avatar\/60494a730db86c4adb95d91824cf7b3210e83da78c8216541583cf81f8626eb3?s=96&d=mm&r=g\",\"caption\":\"consumerchamps\"},\"sameAs\":[\"https:\/\/consumerchamps.wpenginepowered.com\"],\"url\":\"https:\/\/consumerchamps.eu\/hu\/author\/consumerchamps\/\"}]}<\/script>\n<!-- \/ Yoast SEO plugin. -->","yoast_head_json":{"title":"Interj\u00fa Birgit Weckler EP-k\u00e9pvisel\u0151jel\u00f6lttel \u2013 Consumer Champs","robots":{"index":"index","follow":"follow","max-snippet":"max-snippet:-1","max-image-preview":"max-image-preview:large","max-video-preview":"max-video-preview:-1"},"canonical":"https:\/\/consumerchamps.eu\/hu\/interju-birgit-weckler-kepviselojelolttel\/","og_locale":"hu_HU","og_type":"article","og_title":"Interview with MEP candidate Birgit Weckler - Consumer Champs","og_description":"Our Government affairs manager, Zoltan Kesz, recently interviewed an MEP candidate from the Christian Democratic Union of Germany to understand their perspective on the future of Europe, the strategies they recommend to address present challenges, and their opinions on crucial policy issues. What are the biggest challenges the EU is currently facing? &#8220;The biggest challenges &hellip;","og_url":"https:\/\/consumerchamps.eu\/hu\/interju-birgit-weckler-kepviselojelolttel\/","og_site_name":"Consumer Champs","article_published_time":"2024-04-17T07:50:02+00:00","article_modified_time":"2024-04-17T08:10:58+00:00","og_image":[{"width":940,"height":788,"url":"https:\/\/consumerchamps.eu\/wp-content\/uploads\/2024\/04\/eu-flag-blog-image.png","type":"image\/png"}],"author":"consumerchamps","twitter_card":"summary_large_image","twitter_misc":{"Szerz\u0151:":"consumerchamps","Becs\u00fclt olvas\u00e1si id\u0151":"10 perc"},"schema":{"@context":"https:\/\/schema.org","@graph":[{"@type":"Article","@id":"https:\/\/consumerchamps.eu\/interview-with-mep-candidate-birgit-weckler\/#article","isPartOf":{"@id":"https:\/\/consumerchamps.eu\/interview-with-mep-candidate-birgit-weckler\/"},"author":{"name":"consumerchamps","@id":"https:\/\/consumerchamps.eu\/pt\/#\/schema\/person\/abee610907eeed950d696296af1e6ecb"},"headline":"Interview with MEP candidate Birgit Weckler","datePublished":"2024-04-17T07:50:02+00:00","dateModified":"2024-04-17T08:10:58+00:00","mainEntityOfPage":{"@id":"https:\/\/consumerchamps.eu\/interview-with-mep-candidate-birgit-weckler\/"},"wordCount":2030,"commentCount":0,"publisher":{"@id":"https:\/\/consumerchamps.eu\/pt\/#organization"},"image":{"@id":"https:\/\/consumerchamps.eu\/interview-with-mep-candidate-birgit-weckler\/#primaryimage"},"thumbnailUrl":"https:\/\/consumerchamps.eu\/wp-content\/uploads\/2024\/04\/eu-flag-blog-image.png","articleSection":["Blog"],"inLanguage":"hu","potentialAction":[{"@type":"CommentAction","name":"Comment","target":["https:\/\/consumerchamps.eu\/interview-with-mep-candidate-birgit-weckler\/#respond"]}]},{"@type":"WebPage","@id":"https:\/\/consumerchamps.eu\/interview-with-mep-candidate-birgit-weckler\/","url":"https:\/\/consumerchamps.eu\/interview-with-mep-candidate-birgit-weckler\/","name":"Interj\u00fa Birgit Weckler EP-k\u00e9pvisel\u0151jel\u00f6lttel \u2013 Consumer Champs","isPartOf":{"@id":"https:\/\/consumerchamps.eu\/pt\/#website"},"primaryImageOfPage":{"@id":"https:\/\/consumerchamps.eu\/interview-with-mep-candidate-birgit-weckler\/#primaryimage"},"image":{"@id":"https:\/\/consumerchamps.eu\/interview-with-mep-candidate-birgit-weckler\/#primaryimage"},"thumbnailUrl":"https:\/\/consumerchamps.eu\/wp-content\/uploads\/2024\/04\/eu-flag-blog-image.png","datePublished":"2024-04-17T07:50:02+00:00","dateModified":"2024-04-17T08:10:58+00:00","breadcrumb":{"@id":"https:\/\/consumerchamps.eu\/interview-with-mep-candidate-birgit-weckler\/#breadcrumb"},"inLanguage":"hu","potentialAction":[{"@type":"ReadAction","target":["https:\/\/consumerchamps.eu\/interview-with-mep-candidate-birgit-weckler\/"]}]},{"@type":"ImageObject","inLanguage":"hu","@id":"https:\/\/consumerchamps.eu\/interview-with-mep-candidate-birgit-weckler\/#primaryimage","url":"https:\/\/consumerchamps.eu\/wp-content\/uploads\/2024\/04\/eu-flag-blog-image.png","contentUrl":"https:\/\/consumerchamps.eu\/wp-content\/uploads\/2024\/04\/eu-flag-blog-image.png","width":940,"height":788},{"@type":"BreadcrumbList","@id":"https:\/\/consumerchamps.eu\/interview-with-mep-candidate-birgit-weckler\/#breadcrumb","itemListElement":[{"@type":"ListItem","position":1,"name":"Home","item":"https:\/\/consumerchamps.eu\/pt\/"},{"@type":"ListItem","position":2,"name":"Interview with MEP candidate Birgit Weckler"}]},{"@type":"WebSite","@id":"https:\/\/consumerchamps.eu\/pt\/#website","url":"https:\/\/consumerchamps.eu\/pt\/","name":"Consumer Champs","description":"Er\u0151s\u00edt\u0151 hangok, inspir\u00e1l\u00f3 v\u00e1ltoz\u00e1s: ahol a fogyaszt\u00f3i bajnokok alak\u00edtj\u00e1k a holnap d\u00f6nt\u00e9seit","publisher":{"@id":"https:\/\/consumerchamps.eu\/pt\/#organization"},"potentialAction":[{"@type":"SearchAction","target":{"@type":"EntryPoint","urlTemplate":"https:\/\/consumerchamps.eu\/pt\/?s={search_term_string}"},"query-input":{"@type":"PropertyValueSpecification","valueRequired":true,"valueName":"search_term_string"}}],"inLanguage":"hu"},{"@type":"Organization","@id":"https:\/\/consumerchamps.eu\/pt\/#organization","name":"Consumer Champs","url":"https:\/\/consumerchamps.eu\/pt\/","logo":{"@type":"ImageObject","inLanguage":"hu","@id":"https:\/\/consumerchamps.eu\/pt\/#\/schema\/logo\/image\/","url":"https:\/\/consumerchamps.eu\/wp-content\/uploads\/2023\/11\/CC_Logo_Gold.png","contentUrl":"https:\/\/consumerchamps.eu\/wp-content\/uploads\/2023\/11\/CC_Logo_Gold.png","width":199,"height":78,"caption":"Consumer Champs"},"image":{"@id":"https:\/\/consumerchamps.eu\/pt\/#\/schema\/logo\/image\/"}},{"@type":"Person","@id":"https:\/\/consumerchamps.eu\/pt\/#\/schema\/person\/abee610907eeed950d696296af1e6ecb","name":"fogyaszt\u00f3i bajnokok","image":{"@type":"ImageObject","inLanguage":"hu","@id":"https:\/\/consumerchamps.eu\/pt\/#\/schema\/person\/image\/","url":"https:\/\/secure.gravatar.com\/avatar\/60494a730db86c4adb95d91824cf7b3210e83da78c8216541583cf81f8626eb3?s=96&d=mm&r=g","contentUrl":"https:\/\/secure.gravatar.com\/avatar\/60494a730db86c4adb95d91824cf7b3210e83da78c8216541583cf81f8626eb3?s=96&d=mm&r=g","caption":"consumerchamps"},"sameAs":["https:\/\/consumerchamps.wpenginepowered.com"],"url":"https:\/\/consumerchamps.eu\/hu\/author\/consumerchamps\/"}]}},"featured_image_src":"https:\/\/consumerchamps.eu\/wp-content\/uploads\/2024\/04\/eu-flag-blog-image-600x400.png","featured_image_src_square":"https:\/\/consumerchamps.eu\/wp-content\/uploads\/2024\/04\/eu-flag-blog-image-600x600.png","author_info":{"display_name":"consumerchamps","author_link":"https:\/\/consumerchamps.eu\/hu\/author\/consumerchamps\/"},"_links":{"self":[{"href":"https:\/\/consumerchamps.eu\/hu\/wp-json\/wp\/v2\/posts\/963","targetHints":{"allow":["GET"]}}],"collection":[{"href":"https:\/\/consumerchamps.eu\/hu\/wp-json\/wp\/v2\/posts"}],"about":[{"href":"https:\/\/consumerchamps.eu\/hu\/wp-json\/wp\/v2\/types\/post"}],"author":[{"embeddable":true,"href":"https:\/\/consumerchamps.eu\/hu\/wp-json\/wp\/v2\/users\/1"}],"replies":[{"embeddable":true,"href":"https:\/\/consumerchamps.eu\/hu\/wp-json\/wp\/v2\/comments?post=963"}],"version-history":[{"count":0,"href":"https:\/\/consumerchamps.eu\/hu\/wp-json\/wp\/v2\/posts\/963\/revisions"}],"wp:featuredmedia":[{"embeddable":true,"href":"https:\/\/consumerchamps.eu\/hu\/wp-json\/wp\/v2\/media\/964"}],"wp:attachment":[{"href":"https:\/\/consumerchamps.eu\/hu\/wp-json\/wp\/v2\/media?parent=963"}],"wp:term":[{"taxonomy":"category","embeddable":true,"href":"https:\/\/consumerchamps.eu\/hu\/wp-json\/wp\/v2\/categories?post=963"},{"taxonomy":"post_tag","embeddable":true,"href":"https:\/\/consumerchamps.eu\/hu\/wp-json\/wp\/v2\/tags?post=963"}],"curies":[{"name":"munkaf\u00fczet","href":"https:\/\/api.w.org\/{rel}","templated":true}]}}