{"id":963,"date":"2024-04-17T07:50:02","date_gmt":"2024-04-17T07:50:02","guid":{"rendered":"https:\/\/consumerchamps.eu\/?p=963"},"modified":"2024-04-17T08:10:58","modified_gmt":"2024-04-17T08:10:58","slug":"intervista-alla-candidata-al-parlamento-europeo-birgit-weckler","status":"publish","type":"post","link":"https:\/\/consumerchamps.eu\/it\/intervista-alla-candidata-al-parlamento-europeo-birgit-weckler\/","title":{"rendered":"Intervista alla candidata al Parlamento europeo Birgit Weckler"},"content":{"rendered":"<h3 class=\"wp-block-heading\"><strong><em>Il nostro responsabile degli affari governativi, Zoltan Kesz, ha recentemente intervistato un candidato eurodeputato dell\u2019Unione Cristiano-Democratica tedesca per comprendere la sua prospettiva sul futuro dell\u2019Europa, le strategie che consiglia per affrontare le sfide attuali e le sue opinioni su questioni politiche cruciali.<\/em><\/strong><\/h3>\n\n\n\n<h4 class=\"wp-block-heading\"><strong>Quali sono le sfide pi\u00f9 grandi che l\u2019UE si trova attualmente ad affrontare?<\/strong><\/h4>\n\n\n\n<p><em>\u201cLe sfide pi\u00f9 grandi includono quanto segue:&nbsp;<\/em><\/p>\n\n\n\n<p><em>(1) Raggiungere il consenso su una riforma dell\u2019UE per farla diventare una forte potenza mondiale europea rispetto alle altre potenze globali con una vera unione di difesa e sicurezza (vedi (2) di seguito) e un\u2019economia di mercato ancora pi\u00f9 forte, competitiva e innovativa. guidato da un genuino interesse dell\u2019UE piuttosto che da interessi nazionali&nbsp;<\/em><\/p>\n\n\n\n<p><em>(2) Rafforzare sostanzialmente la difesa, la sicurezza e la capacit\u00e0 militare europea per proteggere tutti i cittadini dell\u2019UE<\/em>&nbsp;<\/p>\n\n\n\n<p><em>(3) Elevato numero di rifugiati in arrivo nell&#039;UE&nbsp;<\/em>&nbsp;<\/p>\n\n\n\n<p><em>(4) Minaccia posta alla democrazia da partiti e movimenti estremisti nell&#039;UE. (5) Attacchi informatici&nbsp;&nbsp;<\/em><\/p>\n\n\n\n<p><em>(6) Carenza di forza lavoro qualificata&nbsp;<\/em><\/p>\n\n\n\n<p><em>(7) Sviluppo demografico nell&#039;UE<\/em>&nbsp;&nbsp;<\/p>\n\n\n\n<p><em>(8) Cambiamenti climatici<\/em>&nbsp;<\/p>\n\n\n\n<p><em>(9) Burocrazia&nbsp;<\/em><\/p>\n\n\n\n<p><em>(10) Notizie false&nbsp;<\/em><\/p>\n\n\n\n<p><em>(11) Disuguaglianza delle persone all\u2019interno dell\u2019UE ma anche a livello globale&nbsp;<\/em><\/p>\n\n\n\n<p><em>(12) Ridotta cooperazione internazionale in combinazione con un crescente nazionalismo\u201d.<\/em><\/p>\n\n\n\n<h4 class=\"wp-block-heading\"><strong>Qual \u00e8 la tua visione dell\u2019Europa nel prossimo decennio?&nbsp;<\/strong><\/h4>\n\n\n\n<p><em>&#8220;<strong>UN. L\u2019UE si afferma come una forte potenza mondiale europea rispettata dalle altre potenze globali come principale rappresentante dell\u2019Europa\u00a0<\/strong><\/em><\/p>\n\n\n\n<p><em>L\u2019UE si afferma come un paese forte <strong>La potenza mondiale europea che rappresenta con una sola voce <\/strong>i suoi Stati membri nei confronti di Russia, Cina, Stati Uniti, Turchia e altre potenze mondiali. A tal fine, \u00e8 importante creare una vera unione europea di difesa e sicurezza. Richiede inoltre che le decisioni dell\u2019UE sulla politica estera e di sicurezza comune siano prese a maggioranza qualificata \u2013 invece che all\u2019unanimit\u00e0, le capacit\u00e0 militari degli Stati membri dell\u2019UE siano sostanzialmente rafforzate e l\u2019UE abbia un commissario alla difesa.&nbsp;<\/em><\/p>\n\n\n\n<p><em>Lo stabilisce l\u2019UE <strong>propria infrastruttura digitale <\/strong>e garantisce l&#039;accesso dell&#039;UE a un sistema sicuro, conveniente e sostenibile <strong>fornitura di materie prime critiche, chip e batterie <\/strong>con ridotta dipendenza dai paesi terzi (cio\u00e8 paesi extra-UE).&nbsp;<\/em>&nbsp;<\/p>\n\n\n\n<p><em>Per essere rispettata dalle altre potenze globali, l\u2019UE \u00e8 a <strong>mercato economico forte e competitivo <\/strong>con condizioni interessanti per l&#039;industria, le imprese, le start-up, la scienza e gli investitori e con a <strong>clima di innovazione, modernizzazione e digitalizzazione, basato sul concetto di un\u2019economia sociale di mercato, e <\/strong>burocrazia sostanzialmente ridotta.&nbsp;<\/em><\/p>\n\n\n\n<p><em>L\u2019UE \u00e8 il modello da seguire in tutto il mondo <strong>raggiungere efficacemente gli obiettivi di protezione del clima<\/strong>, basato sull&#039;innovazione tecnologica e sul concetto di economia sociale di mercato.&nbsp;<\/em><\/p>\n\n\n\n<p><em><strong>L\u2019UE protegge i suoi confini in modo efficace <\/strong>con un forte mandato dell\u2019autorit\u00e0 europea Frontex e il contributo di tutti i 27 Stati membri, e definisce e applica efficacemente <strong>politica migratoria congiunta&nbsp; <\/strong>rispetto dei diritti umani e sulla base dei propri interessi e bisogni.&nbsp;<\/em><\/p>\n\n\n\n<p><strong><em>B. Elementi democratici sostanzialmente rafforzati nell\u2019UE\u00a0<\/em><\/strong><\/p>\n\n\n\n<p><em>Di pari passo con l\u2019affermazione dell\u2019UE come potenza mondiale europea (vedi punto a. sopra), la \u201cdemocratizzazione interna\u201d dell\u2019UE viene sostanzialmente rafforzata. Ci\u00f2 include, in particolare, un ruolo pi\u00f9 forte del Parlamento europeo nella nomina della Commissione, compreso il suo presidente, un potere di codecisione pi\u00f9 legislativo e un pieno diritto di iniziativa legale. Inoltre, il numero dei membri della commissione viene ridotto (ad esempio 15 commissari). Non dovrebbero pi\u00f9 essere proposti dai governi nazionali ma nominati dal presidente designato della Commissione e poi approvati sia dal Consiglio che dal Parlamento.<\/em><\/p>\n\n\n\n<p><em>Per promuovere la politica dell\u2019UE nel genuino interesse dell\u2019UE, il sistema elettorale per il Parlamento europeo \u00e8 integrato con elementi di liste di partiti transnazionali. Nelle elezioni del Parlamento europeo tra dieci anni, la campagna elettorale dei candidati al Parlamento europeo \u00e8 (in parte) condotta come una campagna transfrontaliera a livello europeo che coinvolge tutti i cittadini dell\u2019UE anzich\u00e9 concentrarsi solo sullo Stato membro a cui appartiene il candidato. A tal fine, l\u2019uso moderno della digitalizzazione e dei moderni strumenti di traduzione forniti dall\u2019UE a tutti i candidati dovrebbe far parte del sostegno dell\u2019UE a tale campagna elettorale a livello europeo.&nbsp;<\/em><\/p>\n\n\n\n<p><em>Questi tre punti come parte di una riforma dell\u2019UE nel prossimo convento dell\u2019UE sosterranno il fatto che le decisioni dell\u2019UE siano prese a medio termine in un vero spirito europeo, vedere il punto c. sotto.&nbsp;<\/em><\/p>\n\n\n\n<p><strong><em>C. La politica dell\u2019UE nei settori armonizzati\/integrati \u00e8 guidata dal genuino interesse dell\u2019UE piuttosto che dagli interessi nazionali&nbsp;<\/em><\/strong><\/p>\n\n\n\n<p><em>Le decisioni dell&#039;UE in settori armonizzati\/integrati sono prese nello spirito di a <strong>genuino interesse dell\u2019UE <\/strong>piuttosto che essere un compromesso degli interessi nazionali.&nbsp;<\/em><\/p>\n\n\n\n<p><em>I cittadini dell\u2019UE vivono verso un \u201c<strong>Stile di vita europeo<\/strong>\u201c. I valori centrali includono la dignit\u00e0 umana, la pace e la libert\u00e0, la democrazia, i diritti umani, l\u2019uguaglianza, lo stato di diritto e la responsabilit\u00e0 sociale ed ecologica.&nbsp;<\/em><\/p>\n\n\n\n<p><em>Ci sono <strong>Universit\u00e0 dell&#039;UE <\/strong>in settori \u201carmonizzati\u201d dall\u2019UE, come la vigilanza bancaria della BCE, la politica monetaria della BCE, la risoluzione degli istituti di credito, il diritto della concorrenza, l\u2019antiriciclaggio e il contrasto al finanziamento del terrorismo. Il sistema educativo continua a rimanere quello <strong>competenza degli Stati membri<\/strong>.&nbsp;<\/em><\/p>\n\n\n\n<p><em><b>70 % dei cittadini dell&#039;UE parlano fluentemente almeno 2 lingue dell&#039;UE e 50%, i<\/b>trattare 3 lingue dell&#039;UE. Questo \u00e8 l&#039;obiettivo per tutti i cittadini dell&#039;UE, indipendentemente dal loro livello di istruzione e dal fatto che vivano nelle grandi citt\u00e0 o in campagna.&nbsp;<\/em><\/p>\n\n\n\n<p><strong><em>D. Una pi\u00f9 chiara ripartizione dei compiti tra il livello UE e quello nazionale per motivi di chiarezza<\/em>&nbsp;<\/strong><\/p>\n\n\n\n<p><em>Le aree di <strong>le competenze dell\u2019UE rispetto agli Stati membri sono definite pi\u00f9 chiaramente <\/strong>per motivi di trasparenza per i cittadini e i decisori dell\u2019UE, al fine di garantire una comprensione e una fiducia comuni di tutti i cittadini dell\u2019UE e degli Stati membri dell\u2019UE.&nbsp;<\/em><\/p>\n\n\n\n<p><em>\u00c8 importante che il <strong>L\u2019UE rispetta le particolarit\u00e0, le tradizioni e le caratteristiche nazionali <\/strong>degli Stati membri, come le festivit\u00e0 religiose e i prodotti regionali. A tal fine, il Comitato europeo delle regioni dovrebbe essere rafforzato nella prossima riforma dell\u2019UE.<\/em>&nbsp;<\/p>\n\n\n\n<p><em>Inoltre, il <strong>principio di sussidiariet\u00e0 <\/strong>deve essere rispettato, vale a dire che deve esserci un chiaro vantaggio e un valore aggiunto per i cittadini dell&#039;UE se l&#039;UE piuttosto che gli Stati membri intervengono, ad esempio a causa della portata e degli effetti dell&#039;azione proposta.<\/em>&#8220;<\/p>\n\n\n\n<h4 class=\"wp-block-heading\"><strong>Come vedi il ruolo dell\u2019intelligenza artificiale nel prossimo futuro? Cosa ne pensi di regolamentarlo?&nbsp;<\/strong><\/h4>\n\n\n\n<p>&#8220;<em><strong>L\u2019intelligenza artificiale offre grandi opportunit\u00e0 <\/strong>quali l\u2019aumento dell\u2019efficienza, la coerenza dei risultati e la sostituzione del lavoro manuale della forza lavoro, in particolare in tempi di carenza di forza lavoro qualificata a tutti i livelli. Ci\u00f2 che \u00e8 importante \u00e8 garantire che gli esseri umani, cio\u00e8 le persone, prendano le decisioni cruciali e monitorino da vicino lo sviluppo e l\u2019utilizzo dell\u2019IA.&nbsp;&nbsp;<\/em><\/p>\n\n\n\n<p><em>Sono favorevole a una regolamentazione limitata dell&#039;IA se vengono identificati rischi concreti (ad esempio violazioni dei diritti umani). Altrimenti, lo sviluppo e l\u2019uso dell\u2019intelligenza artificiale dovrebbero essere lasciati ai suoi utenti per consentire l\u2019innovazione e la concorrenza senza sovraccaricare la burocrazia. Vedi anche la mia risposta al punto 6.<\/em>&#8220;<\/p>\n\n\n\n<h4 class=\"wp-block-heading\"><strong>In che modo l\u2019Europa trae vantaggio dagli accordi di libero scambio?<\/strong><\/h4>\n\n\n\n<p>&#8220;<em>Nel 2023, l\u2019UE-27 ha esportato beni per un valore di circa 2,55 trilioni <a href=\"https:\/\/de.statista.com\/statistik\/daten\/studie\/15724\/umfrage\/export-von-guetern-aus-der-eu\/\">euro<\/a>.<sup> <\/sup>Gli accordi di libero scambio riducono ed eliminano le tariffe e aiutano ad affrontare le barriere dietro il confine che altrimenti ostacolerebbero il flusso di beni e servizi. Incoraggia gli investimenti esteri, promuove l\u2019economia e l\u2019integrazione regionale e crea approcci condivisi tra i partner dell\u2019ALS. In generale, lo credo <strong>Gli accordi di libero scambio sostengono l\u2019economia e la ricchezza dei paesi coinvolti e avvantaggiano i consumatori<\/strong>.&nbsp;<\/em><\/p>\n\n\n\n<p><em>Inoltre, gli accordi di libero scambio possono anche essere uno strumento per incoraggiare e promuovere le riforme interne in corso, la liberalizzazione del commercio e la protezione del clima <strong>diritti umani <\/strong>nei paesi che hanno concluso l\u2019ALS.<\/em>&#8220;<\/p>\n\n\n\n<h4 class=\"wp-block-heading\"><strong>Molti politici parlano di diversificazione energetica. Qual \u00e8 la soluzione ideale secondo te?&nbsp;<\/strong><\/h4>\n\n\n\n<p>&#8220;<em>A mio avviso, il <strong>obiettivo della politica energetica <\/strong>dovrebbe essere quello di (i) garantire energia affidabile e conveniente per le persone e l\u2019industria, (ii) sostenere l\u2019UE come mercato economico forte con condizioni attraenti per l\u2019industria, le start-up e altri investitori, e (iii) raggiungere la neutralit\u00e0 climatica all\u2019interno l\u2019UE entro il 2050.<\/em>&nbsp;<\/p>\n\n\n\n<p><em>Per quanto possibile, <strong>l\u2019energia rinnovabile dovrebbe essere aumentata e dovrebbe svolgere un ruolo importante<\/strong>. Tuttavia, considerando che l\u2019energia solare ed eolica \u2013 che costituisce ca. Il 75% delle energie rinnovabili in <a href=\"https:\/\/www.umweltbundesamt.de\/themen\/erstmals-ueber-die haelfte-des-stroms-in\">Germania<\/a><sup> <\/sup>\u2013 dipendono dalla natura e da fattori non controllabili, \u00e8 necessario <strong>essere sufficienti altre tipologie per l&#039;approvvigionamento energetico <\/strong>in fasi con sole basso e vento (<strong>mix energetico<\/strong>).&nbsp;&nbsp;<\/em><\/p>\n\n\n\n<p><em>In primo luogo, per consentire un mix energetico cos\u00ec ampio, dato che attualmente non esiste una soluzione, penso che sia fondamentale consentire l\u2019uso e la ricerca in relazione a tutte le tecnologie disponibili, tra cui il fotovoltaico, l\u2019energia eolica, l\u2019energia geotermica, l\u2019energia idroelettrica, l\u2019energia liquida e biomassa solida, nonch\u00e9 energia nucleare e tecnologie nucleari innovative come la fusione nucleare. In particolare, penso che il divieto del motore a combustione (Verbrennermotor) a livello comunitario dovrebbe essere riconsiderato e ritirato, in particolare per consentire l\u2019uso di carburanti elettronici, visti gli studi pilota di successo in questo senso.&nbsp;<\/em><\/p>\n\n\n\n<p><em>In secondo luogo, entro i prossimi 2-3 anni, \u00e8 importante che l\u2019UE istituisca una vera e propria unione energetica al suo interno. Ci\u00f2 richiede una stretta cooperazione tra gli Stati membri per espandere le infrastrutture transfrontaliere e la rete di gasdotti per il trasporto di energia, ad esempio l&#039;idrogeno, e stabilire pi\u00f9 partenariati energetici con partner affidabili. Inoltre, in alcuni settori \u00e8 utile avere la possibilit\u00e0 di utilizzare pi\u00f9 di una forma di energia per potersi adeguare agli sviluppi del mercato, ad esempio nelle case con fotovoltaico e pompe di calore o nelle auto ibride, a seconda che ci\u00f2 \u00e8 ragionevole in termini di costi e soggetto ai futuri sviluppi tecnologici.<\/em>&#8220;<\/p>\n\n\n\n<h4 class=\"wp-block-heading\"><strong>Quale preferisci e perch\u00e9? Innovazione vs regolamentazione?<\/strong><\/h4>\n\n\n\n<p><em>\u201cPreferisco a <strong>combinazione di regolamentazione e innovazione<\/strong>, a seconda della zona in questione.&nbsp;&nbsp;<\/em><\/p>\n\n\n\n<p><em>La regolamentazione pu\u00f2 essere utile se (i) vengono identificati rischi o problemi concreti, o (ii) nel contesto dell\u2019UE, se \u00e8 necessario stabilire un\u2019intesa di base comune tra gli Stati membri dell\u2019UE per garantire la fiducia, evitare malintesi e sostenere un livello campo da gioco.&nbsp;<\/em><\/p>\n\n\n\n<p><em>In generale, lo Stato non \u00e8 il miglior manager aziendale. Confido piuttosto nella competenza dell\u2019industria e del settore privato. Pertanto, a meno che non vi sia una buona ragione che giustifichi un\u2019area da regolamentare, ritengo che principi di alto livello nella regolamentazione, se del caso, siano sufficienti per lasciare pi\u00f9 spazio all\u2019innovazione e alla creativit\u00e0 da parte dell\u2019industria, della scienza e delle start-up. che penso produca risultati migliori. Inoltre \u00e8 necessario evitare inutili burocrazie.&nbsp;<\/em>&#8220;<\/p>\n\n\n\n<h4 class=\"wp-block-heading\"><strong>Cosa preoccupa i suoi elettori riguardo all\u2019Unione europea?&nbsp;<\/strong><\/h4>\n\n\n\n<p>&#8220;<em>Le preoccupazioni principali includono quanto segue:&nbsp;<\/em><\/p>\n\n\n\n<p><em>\u2022 L&#039;UE si spinge troppo oltre nell&#039;ambito nazionale senza tenere sufficientemente conto delle particolarit\u00e0 nazionali e degli sviluppi storici.&nbsp;<\/em><\/p>\n\n\n\n<p><em>\u2022 Il processo decisionale nell&#039;UE \u00e8 lento e non sempre efficiente.<\/em>&nbsp;<\/p>\n\n\n\n<p><em>\u2022 Mancanza di proporzionalit\u00e0 ed eccessiva burocrazia nella regolamentazione dell&#039;UE.&nbsp;<\/em><\/p>\n\n\n\n<p><em>\u2022 Mancanza di rispetto e di applicazione dello stato di diritto in alcuni Stati membri. \u2022 La ricchezza per famiglia in alcuni paesi dell&#039;UE che contribuiscono in modo sostanziale al bilancio dell&#039;UE sembra essere inferiore rispetto ad altri paesi dell&#039;UE che beneficiano in modo sostanziale del bilancio dell&#039;UE e dell&#039;UE. <a href=\"https:\/\/www.focus.de\/finanzen\/news\/eu vergleich-deutsche-sind-die-armen-schlucker-europas_id_259566303.html\">programmi<\/a>.<sup> <\/sup>Alcune persone percepiscono questa situazione come ingiusta.&nbsp;<\/em><\/p>\n\n\n\n<p><em>\u2022 Non tutti gli Stati membri rispettano il patto di stabilit\u00e0 e crescita senza che la Commissione adotti misure sufficienti per garantirlo\u201d.<\/em><\/p>\n\n\n\n<h4 class=\"wp-block-heading\"><strong>Pensi che sia saggio accogliere pi\u00f9 paesi nell\u2019Unione?<\/strong><\/h4>\n\n\n\n<p><em>\u201cPenso che sia saggio, come obiettivo politico e strategico, l\u2019adesione dei paesi balcanici all\u2019UE, data la loro posizione geografica. Tuttavia, a mio avviso, prima che i paesi possano aderire all\u2019UE, devono essere soddisfatte le seguenti due condizioni fondamentali:&nbsp;<\/em><\/p>\n\n\n\n<p><em>UN. IL <strong>paese soddisfa pienamente i criteri <\/strong>ad aderire all\u2019UE.&nbsp;<\/em><\/p>\n\n\n\n<p><em>B. IL <strong>L\u2019UE deve essere riformata prima dell\u2019adesione <\/strong>dei nuovi stati membri dell\u2019UE. Altrimenti, con l\u2019attuale assetto istituzionale, se pi\u00f9 paesi aderissero, il complesso processo decisionale di oggi diventerebbe ancora pi\u00f9 complicato, con il rischio di una ridotta capacit\u00e0 di azione dell\u2019UE.&nbsp;<\/em><\/p>\n\n\n\n<p><em>Entrambi i criteri si applicano anche ai paesi dei Balcani occidentali, all\u2019Ucraina e alla Moldavia.<\/em>&#8220;<\/p>","protected":false},"excerpt":{"rendered":"<p>Il nostro responsabile degli affari governativi, Zoltan Kesz, ha recentemente intervistato un candidato eurodeputato dell\u2019Unione Cristiano-Democratica tedesca per comprendere la sua prospettiva sul futuro dell\u2019Europa, le strategie che consiglia per affrontare le sfide attuali e le sue opinioni su questioni politiche cruciali. Quali sono le sfide pi\u00f9 grandi che l\u2019UE si trova attualmente ad affrontare? \u201cLe sfide pi\u00f9 grandi\u2026<\/p>","protected":false},"author":1,"featured_media":964,"comment_status":"open","ping_status":"open","sticky":false,"template":"","format":"standard","meta":{"_acf_changed":false,"_genesis_block_theme_hide_title":false,"footnotes":""},"categories":[7],"tags":[],"class_list":{"0":"post-963","1":"post","2":"type-post","3":"status-publish","4":"format-standard","5":"has-post-thumbnail","6":"hentry","7":"category-blog","9":"with-featured-image"},"acf":[],"yoast_head":"<!-- This site is optimized with the Yoast SEO plugin v25.8 - https:\/\/yoast.com\/wordpress\/plugins\/seo\/ -->\n<title>Interview with MEP candidate Birgit Weckler - Consumer Champs<\/title>\n<meta name=\"robots\" content=\"index, follow, max-snippet:-1, max-image-preview:large, max-video-preview:-1\" \/>\n<link rel=\"canonical\" href=\"https:\/\/consumerchamps.eu\/it\/intervista-alla-candidata-al-parlamento-europeo-birgit-weckler\/\" \/>\n<meta property=\"og:locale\" content=\"it_IT\" \/>\n<meta property=\"og:type\" content=\"article\" \/>\n<meta property=\"og:title\" content=\"Interview with MEP candidate Birgit Weckler - Consumer Champs\" \/>\n<meta property=\"og:description\" content=\"Our Government affairs manager, Zoltan Kesz, recently interviewed an MEP candidate from the Christian Democratic Union of Germany to understand their perspective on the future of Europe, the strategies they recommend to address present challenges, and their opinions on crucial policy issues. What are the biggest challenges the EU is currently facing? &#8220;The biggest challenges &hellip;\" \/>\n<meta property=\"og:url\" content=\"https:\/\/consumerchamps.eu\/it\/intervista-alla-candidata-al-parlamento-europeo-birgit-weckler\/\" \/>\n<meta property=\"og:site_name\" content=\"Consumer Champs\" \/>\n<meta property=\"article:published_time\" content=\"2024-04-17T07:50:02+00:00\" \/>\n<meta property=\"article:modified_time\" content=\"2024-04-17T08:10:58+00:00\" \/>\n<meta property=\"og:image\" content=\"https:\/\/consumerchamps.eu\/wp-content\/uploads\/2024\/04\/eu-flag-blog-image.png\" \/>\n\t<meta property=\"og:image:width\" content=\"940\" \/>\n\t<meta property=\"og:image:height\" content=\"788\" \/>\n\t<meta property=\"og:image:type\" content=\"image\/png\" \/>\n<meta name=\"author\" content=\"consumerchamps\" \/>\n<meta name=\"twitter:card\" content=\"summary_large_image\" \/>\n<meta name=\"twitter:label1\" content=\"Scritto da\" \/>\n\t<meta name=\"twitter:data1\" content=\"consumerchamps\" \/>\n\t<meta name=\"twitter:label2\" content=\"Tempo di lettura stimato\" \/>\n\t<meta name=\"twitter:data2\" content=\"10 minuti\" \/>\n<script type=\"application\/ld+json\" class=\"yoast-schema-graph\">{\"@context\":\"https:\/\/schema.org\",\"@graph\":[{\"@type\":\"Article\",\"@id\":\"https:\/\/consumerchamps.eu\/interview-with-mep-candidate-birgit-weckler\/#article\",\"isPartOf\":{\"@id\":\"https:\/\/consumerchamps.eu\/interview-with-mep-candidate-birgit-weckler\/\"},\"author\":{\"name\":\"consumerchamps\",\"@id\":\"https:\/\/consumerchamps.eu\/pt\/#\/schema\/person\/abee610907eeed950d696296af1e6ecb\"},\"headline\":\"Interview with MEP candidate Birgit Weckler\",\"datePublished\":\"2024-04-17T07:50:02+00:00\",\"dateModified\":\"2024-04-17T08:10:58+00:00\",\"mainEntityOfPage\":{\"@id\":\"https:\/\/consumerchamps.eu\/interview-with-mep-candidate-birgit-weckler\/\"},\"wordCount\":2030,\"commentCount\":0,\"publisher\":{\"@id\":\"https:\/\/consumerchamps.eu\/pt\/#organization\"},\"image\":{\"@id\":\"https:\/\/consumerchamps.eu\/interview-with-mep-candidate-birgit-weckler\/#primaryimage\"},\"thumbnailUrl\":\"https:\/\/consumerchamps.eu\/wp-content\/uploads\/2024\/04\/eu-flag-blog-image.png\",\"articleSection\":[\"Blog\"],\"inLanguage\":\"it-IT\",\"potentialAction\":[{\"@type\":\"CommentAction\",\"name\":\"Comment\",\"target\":[\"https:\/\/consumerchamps.eu\/interview-with-mep-candidate-birgit-weckler\/#respond\"]}]},{\"@type\":\"WebPage\",\"@id\":\"https:\/\/consumerchamps.eu\/interview-with-mep-candidate-birgit-weckler\/\",\"url\":\"https:\/\/consumerchamps.eu\/interview-with-mep-candidate-birgit-weckler\/\",\"name\":\"Interview with MEP candidate Birgit Weckler - Consumer Champs\",\"isPartOf\":{\"@id\":\"https:\/\/consumerchamps.eu\/pt\/#website\"},\"primaryImageOfPage\":{\"@id\":\"https:\/\/consumerchamps.eu\/interview-with-mep-candidate-birgit-weckler\/#primaryimage\"},\"image\":{\"@id\":\"https:\/\/consumerchamps.eu\/interview-with-mep-candidate-birgit-weckler\/#primaryimage\"},\"thumbnailUrl\":\"https:\/\/consumerchamps.eu\/wp-content\/uploads\/2024\/04\/eu-flag-blog-image.png\",\"datePublished\":\"2024-04-17T07:50:02+00:00\",\"dateModified\":\"2024-04-17T08:10:58+00:00\",\"breadcrumb\":{\"@id\":\"https:\/\/consumerchamps.eu\/interview-with-mep-candidate-birgit-weckler\/#breadcrumb\"},\"inLanguage\":\"it-IT\",\"potentialAction\":[{\"@type\":\"ReadAction\",\"target\":[\"https:\/\/consumerchamps.eu\/interview-with-mep-candidate-birgit-weckler\/\"]}]},{\"@type\":\"ImageObject\",\"inLanguage\":\"it-IT\",\"@id\":\"https:\/\/consumerchamps.eu\/interview-with-mep-candidate-birgit-weckler\/#primaryimage\",\"url\":\"https:\/\/consumerchamps.eu\/wp-content\/uploads\/2024\/04\/eu-flag-blog-image.png\",\"contentUrl\":\"https:\/\/consumerchamps.eu\/wp-content\/uploads\/2024\/04\/eu-flag-blog-image.png\",\"width\":940,\"height\":788},{\"@type\":\"BreadcrumbList\",\"@id\":\"https:\/\/consumerchamps.eu\/interview-with-mep-candidate-birgit-weckler\/#breadcrumb\",\"itemListElement\":[{\"@type\":\"ListItem\",\"position\":1,\"name\":\"Home\",\"item\":\"https:\/\/consumerchamps.eu\/pt\/\"},{\"@type\":\"ListItem\",\"position\":2,\"name\":\"Interview with MEP candidate Birgit Weckler\"}]},{\"@type\":\"WebSite\",\"@id\":\"https:\/\/consumerchamps.eu\/pt\/#website\",\"url\":\"https:\/\/consumerchamps.eu\/pt\/\",\"name\":\"Consumer Champs\",\"description\":\"Empowering Voices, Inspiring Change: Where Consumer Champions Shape Tomorrow&#039;s Choices\",\"publisher\":{\"@id\":\"https:\/\/consumerchamps.eu\/pt\/#organization\"},\"potentialAction\":[{\"@type\":\"SearchAction\",\"target\":{\"@type\":\"EntryPoint\",\"urlTemplate\":\"https:\/\/consumerchamps.eu\/pt\/?s={search_term_string}\"},\"query-input\":{\"@type\":\"PropertyValueSpecification\",\"valueRequired\":true,\"valueName\":\"search_term_string\"}}],\"inLanguage\":\"it-IT\"},{\"@type\":\"Organization\",\"@id\":\"https:\/\/consumerchamps.eu\/pt\/#organization\",\"name\":\"Consumer Champs\",\"url\":\"https:\/\/consumerchamps.eu\/pt\/\",\"logo\":{\"@type\":\"ImageObject\",\"inLanguage\":\"it-IT\",\"@id\":\"https:\/\/consumerchamps.eu\/pt\/#\/schema\/logo\/image\/\",\"url\":\"https:\/\/consumerchamps.eu\/wp-content\/uploads\/2023\/11\/CC_Logo_Gold.png\",\"contentUrl\":\"https:\/\/consumerchamps.eu\/wp-content\/uploads\/2023\/11\/CC_Logo_Gold.png\",\"width\":199,\"height\":78,\"caption\":\"Consumer Champs\"},\"image\":{\"@id\":\"https:\/\/consumerchamps.eu\/pt\/#\/schema\/logo\/image\/\"}},{\"@type\":\"Person\",\"@id\":\"https:\/\/consumerchamps.eu\/pt\/#\/schema\/person\/abee610907eeed950d696296af1e6ecb\",\"name\":\"consumerchamps\",\"image\":{\"@type\":\"ImageObject\",\"inLanguage\":\"it-IT\",\"@id\":\"https:\/\/consumerchamps.eu\/pt\/#\/schema\/person\/image\/\",\"url\":\"https:\/\/secure.gravatar.com\/avatar\/60494a730db86c4adb95d91824cf7b3210e83da78c8216541583cf81f8626eb3?s=96&d=mm&r=g\",\"contentUrl\":\"https:\/\/secure.gravatar.com\/avatar\/60494a730db86c4adb95d91824cf7b3210e83da78c8216541583cf81f8626eb3?s=96&d=mm&r=g\",\"caption\":\"consumerchamps\"},\"sameAs\":[\"https:\/\/consumerchamps.wpenginepowered.com\"],\"url\":\"https:\/\/consumerchamps.eu\/it\/author\/consumerchamps\/\"}]}<\/script>\n<!-- \/ Yoast SEO plugin. -->","yoast_head_json":{"title":"Intervista alla candidata al Parlamento europeo Birgit Weckler - Consumer Champs","robots":{"index":"index","follow":"follow","max-snippet":"max-snippet:-1","max-image-preview":"max-image-preview:large","max-video-preview":"max-video-preview:-1"},"canonical":"https:\/\/consumerchamps.eu\/it\/intervista-alla-candidata-al-parlamento-europeo-birgit-weckler\/","og_locale":"it_IT","og_type":"article","og_title":"Interview with MEP candidate Birgit Weckler - Consumer Champs","og_description":"Our Government affairs manager, Zoltan Kesz, recently interviewed an MEP candidate from the Christian Democratic Union of Germany to understand their perspective on the future of Europe, the strategies they recommend to address present challenges, and their opinions on crucial policy issues. What are the biggest challenges the EU is currently facing? &#8220;The biggest challenges &hellip;","og_url":"https:\/\/consumerchamps.eu\/it\/intervista-alla-candidata-al-parlamento-europeo-birgit-weckler\/","og_site_name":"Consumer Champs","article_published_time":"2024-04-17T07:50:02+00:00","article_modified_time":"2024-04-17T08:10:58+00:00","og_image":[{"width":940,"height":788,"url":"https:\/\/consumerchamps.eu\/wp-content\/uploads\/2024\/04\/eu-flag-blog-image.png","type":"image\/png"}],"author":"consumerchamps","twitter_card":"summary_large_image","twitter_misc":{"Scritto da":"consumerchamps","Tempo di lettura stimato":"10 minuti"},"schema":{"@context":"https:\/\/schema.org","@graph":[{"@type":"Article","@id":"https:\/\/consumerchamps.eu\/interview-with-mep-candidate-birgit-weckler\/#article","isPartOf":{"@id":"https:\/\/consumerchamps.eu\/interview-with-mep-candidate-birgit-weckler\/"},"author":{"name":"consumerchamps","@id":"https:\/\/consumerchamps.eu\/pt\/#\/schema\/person\/abee610907eeed950d696296af1e6ecb"},"headline":"Interview with MEP candidate Birgit Weckler","datePublished":"2024-04-17T07:50:02+00:00","dateModified":"2024-04-17T08:10:58+00:00","mainEntityOfPage":{"@id":"https:\/\/consumerchamps.eu\/interview-with-mep-candidate-birgit-weckler\/"},"wordCount":2030,"commentCount":0,"publisher":{"@id":"https:\/\/consumerchamps.eu\/pt\/#organization"},"image":{"@id":"https:\/\/consumerchamps.eu\/interview-with-mep-candidate-birgit-weckler\/#primaryimage"},"thumbnailUrl":"https:\/\/consumerchamps.eu\/wp-content\/uploads\/2024\/04\/eu-flag-blog-image.png","articleSection":["Blog"],"inLanguage":"it-IT","potentialAction":[{"@type":"CommentAction","name":"Comment","target":["https:\/\/consumerchamps.eu\/interview-with-mep-candidate-birgit-weckler\/#respond"]}]},{"@type":"WebPage","@id":"https:\/\/consumerchamps.eu\/interview-with-mep-candidate-birgit-weckler\/","url":"https:\/\/consumerchamps.eu\/interview-with-mep-candidate-birgit-weckler\/","name":"Intervista alla candidata al Parlamento europeo Birgit Weckler - Consumer Champs","isPartOf":{"@id":"https:\/\/consumerchamps.eu\/pt\/#website"},"primaryImageOfPage":{"@id":"https:\/\/consumerchamps.eu\/interview-with-mep-candidate-birgit-weckler\/#primaryimage"},"image":{"@id":"https:\/\/consumerchamps.eu\/interview-with-mep-candidate-birgit-weckler\/#primaryimage"},"thumbnailUrl":"https:\/\/consumerchamps.eu\/wp-content\/uploads\/2024\/04\/eu-flag-blog-image.png","datePublished":"2024-04-17T07:50:02+00:00","dateModified":"2024-04-17T08:10:58+00:00","breadcrumb":{"@id":"https:\/\/consumerchamps.eu\/interview-with-mep-candidate-birgit-weckler\/#breadcrumb"},"inLanguage":"it-IT","potentialAction":[{"@type":"ReadAction","target":["https:\/\/consumerchamps.eu\/interview-with-mep-candidate-birgit-weckler\/"]}]},{"@type":"ImageObject","inLanguage":"it-IT","@id":"https:\/\/consumerchamps.eu\/interview-with-mep-candidate-birgit-weckler\/#primaryimage","url":"https:\/\/consumerchamps.eu\/wp-content\/uploads\/2024\/04\/eu-flag-blog-image.png","contentUrl":"https:\/\/consumerchamps.eu\/wp-content\/uploads\/2024\/04\/eu-flag-blog-image.png","width":940,"height":788},{"@type":"BreadcrumbList","@id":"https:\/\/consumerchamps.eu\/interview-with-mep-candidate-birgit-weckler\/#breadcrumb","itemListElement":[{"@type":"ListItem","position":1,"name":"Home","item":"https:\/\/consumerchamps.eu\/pt\/"},{"@type":"ListItem","position":2,"name":"Interview with MEP candidate Birgit Weckler"}]},{"@type":"WebSite","@id":"https:\/\/consumerchamps.eu\/pt\/#website","url":"https:\/\/consumerchamps.eu\/pt\/","name":"Consumer Champs","description":"Dare potere alle voci, ispirare il cambiamento: dove i campioni dei consumatori danno forma alle scelte di domani","publisher":{"@id":"https:\/\/consumerchamps.eu\/pt\/#organization"},"potentialAction":[{"@type":"SearchAction","target":{"@type":"EntryPoint","urlTemplate":"https:\/\/consumerchamps.eu\/pt\/?s={search_term_string}"},"query-input":{"@type":"PropertyValueSpecification","valueRequired":true,"valueName":"search_term_string"}}],"inLanguage":"it-IT"},{"@type":"Organization","@id":"https:\/\/consumerchamps.eu\/pt\/#organization","name":"Consumer Champs","url":"https:\/\/consumerchamps.eu\/pt\/","logo":{"@type":"ImageObject","inLanguage":"it-IT","@id":"https:\/\/consumerchamps.eu\/pt\/#\/schema\/logo\/image\/","url":"https:\/\/consumerchamps.eu\/wp-content\/uploads\/2023\/11\/CC_Logo_Gold.png","contentUrl":"https:\/\/consumerchamps.eu\/wp-content\/uploads\/2023\/11\/CC_Logo_Gold.png","width":199,"height":78,"caption":"Consumer Champs"},"image":{"@id":"https:\/\/consumerchamps.eu\/pt\/#\/schema\/logo\/image\/"}},{"@type":"Person","@id":"https:\/\/consumerchamps.eu\/pt\/#\/schema\/person\/abee610907eeed950d696296af1e6ecb","name":"consumerchamps","image":{"@type":"ImageObject","inLanguage":"it-IT","@id":"https:\/\/consumerchamps.eu\/pt\/#\/schema\/person\/image\/","url":"https:\/\/secure.gravatar.com\/avatar\/60494a730db86c4adb95d91824cf7b3210e83da78c8216541583cf81f8626eb3?s=96&d=mm&r=g","contentUrl":"https:\/\/secure.gravatar.com\/avatar\/60494a730db86c4adb95d91824cf7b3210e83da78c8216541583cf81f8626eb3?s=96&d=mm&r=g","caption":"consumerchamps"},"sameAs":["https:\/\/consumerchamps.wpenginepowered.com"],"url":"https:\/\/consumerchamps.eu\/it\/author\/consumerchamps\/"}]}},"featured_image_src":"https:\/\/consumerchamps.eu\/wp-content\/uploads\/2024\/04\/eu-flag-blog-image-600x400.png","featured_image_src_square":"https:\/\/consumerchamps.eu\/wp-content\/uploads\/2024\/04\/eu-flag-blog-image-600x600.png","author_info":{"display_name":"consumerchamps","author_link":"https:\/\/consumerchamps.eu\/it\/author\/consumerchamps\/"},"_links":{"self":[{"href":"https:\/\/consumerchamps.eu\/it\/wp-json\/wp\/v2\/posts\/963","targetHints":{"allow":["GET"]}}],"collection":[{"href":"https:\/\/consumerchamps.eu\/it\/wp-json\/wp\/v2\/posts"}],"about":[{"href":"https:\/\/consumerchamps.eu\/it\/wp-json\/wp\/v2\/types\/post"}],"author":[{"embeddable":true,"href":"https:\/\/consumerchamps.eu\/it\/wp-json\/wp\/v2\/users\/1"}],"replies":[{"embeddable":true,"href":"https:\/\/consumerchamps.eu\/it\/wp-json\/wp\/v2\/comments?post=963"}],"version-history":[{"count":0,"href":"https:\/\/consumerchamps.eu\/it\/wp-json\/wp\/v2\/posts\/963\/revisions"}],"wp:featuredmedia":[{"embeddable":true,"href":"https:\/\/consumerchamps.eu\/it\/wp-json\/wp\/v2\/media\/964"}],"wp:attachment":[{"href":"https:\/\/consumerchamps.eu\/it\/wp-json\/wp\/v2\/media?parent=963"}],"wp:term":[{"taxonomy":"category","embeddable":true,"href":"https:\/\/consumerchamps.eu\/it\/wp-json\/wp\/v2\/categories?post=963"},{"taxonomy":"post_tag","embeddable":true,"href":"https:\/\/consumerchamps.eu\/it\/wp-json\/wp\/v2\/tags?post=963"}],"curies":[{"name":"parola chiave","href":"https:\/\/api.w.org\/{rel}","templated":true}]}}