{"id":853,"date":"2024-04-02T07:43:00","date_gmt":"2024-04-02T07:43:00","guid":{"rendered":"https:\/\/consumerchamps.eu\/?p=853"},"modified":"2024-04-02T08:53:43","modified_gmt":"2024-04-02T08:53:43","slug":"wywiad-z-kandydatem-na-posla-davidem-rizzutim","status":"publish","type":"post","link":"https:\/\/consumerchamps.eu\/pl\/wywiad-z-kandydatem-na-posla-davidem-rizzutim\/","title":{"rendered":"Wywiad z kandydatem na pos\u0142a do Parlamentu Europejskiego Davide Rizzutim"},"content":{"rendered":"<p><em><strong>Nasz menad\u017cer ds. rz\u0105dowych Zoltan Kesz przeprowadzi\u0142 wywiad z kandydatem do Parlamentu Europejskiego z niemieckiej Wolnej Partii Demokratycznej. Celem dyskusji by\u0142o uzyskanie wgl\u0105du w ich pogl\u0105dy na temat przysz\u0142o\u015bci Europy, proponowane przez nich podej\u015bcia do stawienia czo\u0142a bie\u017c\u0105cym wyzwaniom oraz ich stanowisko w kluczowych kwestiach politycznych.<\/strong><\/em><\/p>\n\n\n\n<p><strong>Jakie s\u0105 najwi\u0119ksze wyzwania stoj\u0105ce obecnie przed UE?<\/strong><\/p>\n\n\n\n<p><em>\u201eJe\u015bli chodzi o kluczowe wyzwania polityki zagranicznej i bezpiecze\u0144stwa, takie jak wsparcie dla Ukrainy i Izraela, Unia Europejska nie m\u00f3wi jednym g\u0142osem. Demokracja i praworz\u0105dno\u015b\u0107 znajduj\u0105 si\u0119 pod coraz wi\u0119ksz\u0105 presj\u0105 w ca\u0142ej Europie. Partie radykalne s\u0105 szeroko reprezentowane w parlamentach krajowych, a w niekt\u00f3rych przypadkach ich liczba ro\u015bnie. Obywateli w UE obci\u0105\u017ca przej\u015bciowo wysoka inflacja, a bud\u017cety publiczne \u2013 wy\u017csze stopy procentowe i rosn\u0105ce wydatki. \u015arednie przedsi\u0119biorstwa i przemys\u0142 borykaj\u0105 si\u0119 z przerwami w \u0142a\u0144cuchach dostaw, rosn\u0105cymi cenami surowc\u00f3w i utrzymuj\u0105cym si\u0119 niedoborem wykwalifikowanych pracownik\u00f3w \u2013 tak\u017ce ze wzgl\u0119d\u00f3w demograficznych. Dostawy energii w Unii Europejskiej przypominaj\u0105 patchworkow\u0105 ko\u0142dr\u0119 i dlatego nie s\u0105 ani odporne na kryzys, ani efektywne. Je\u015bli chodzi o najnowocze\u015bniejsze technologie niezb\u0119dne do szybkiego przezwyci\u0119\u017cenia kryzys\u00f3w oraz stworzenia suwerennej i przysz\u0142o\u015bciowej UE, Europa pozostaje w tyle w stosunku do mi\u0119dzynarodowej konkurencji. Opr\u00f3cz tych wyzwa\u0144 krajowych i europejskich istniej\u0105 wyzwania globalne: walka z nielegaln\u0105 migracj\u0105 i gangami przemytniczymi, walka z globalnym ociepleniem, rywalizacja systemowa z autokracjami i dyktaturami oraz obrona przed atakami cybernetycznymi.<\/em><\/p>\n\n\n\n<p class=\"has-text-align-left\"><strong>Jaka jest Twoja wizja Europy w nadchodz\u0105cej dekadzie?<\/strong><\/p>\n\n\n\n<p>&#8220;<em>Po pierwsze: Europa musi sta\u0107 si\u0119 prostsza. Dla nas oznacza to r\u00f3wnie\u017c wzmocnienie zasady pomocniczo\u015bci. UE nie powinna kojarzy\u0107 si\u0119 z przeregulowaniami czy zakazami, lecz z prostymi, szybkimi i zrozumia\u0142ymi rozwi\u0105zaniami problem\u00f3w naszych czas\u00f3w.<br>Po drugie: Europa musi sta\u0107 si\u0119 silniejsza. Obywatele musz\u0105 by\u0107 przekonani, \u017ce granice Europy s\u0105 bezpieczne, \u017ce nielegalna migracja jest \u015bci\u015ble zapobiegana, osoby, kt\u00f3re musz\u0105 opu\u015bci\u0107 kraj, s\u0105 szybko repatriowane, w ca\u0142ej Europie konsekwentnie egzekwowane s\u0105 praworz\u0105dno\u015b\u0107, a pot\u0119\u017cna armia europejska jest na miejscu, aby chroni\u0107 ludzi i ludzi w przypadku zagro\u017cenia militarnego Europejskie interesy s\u0105 gotowe do dzia\u0142ania.<br>Po trzecie: Europa musi sta\u0107 si\u0119 gospodark\u0105 rynkow\u0105. Nasza si\u0142a gospodarcza jest czynnikiem decyduj\u0105cym o systemowej konkurencji z innymi regionami \u015bwiata.<\/em>&#8220;<\/p>\n\n\n\n<p><strong>Jak widzisz rol\u0119 AI w najbli\u017cszej przysz\u0142o\u015bci? Co my\u015blisz o uregulowaniu tego?<\/strong><\/p>\n\n\n\n<p><em>\u201eChc\u0119 uczyni\u0107 z UE centrum sztucznej inteligencji, kt\u00f3ra s\u0142u\u017cy ludziom szans \u017cyciowych, a nie pozbawia ich mocy. Dlatego odrzucam zar\u00f3wno pragnienia inwigilacji, jak i fantazje o nadmiernej regulacji. Zale\u017cy mi na niebiurokratycznym i praktycznym wdra\u017caniu europejskich przepis\u00f3w dotycz\u0105cych sztucznej inteligencji, kt\u00f3re umo\u017cliwiaj\u0105 innowacje i chroni\u0105 prawa obywatelskie. Apeluj\u0119 o zasad\u0119 dozwolonego u\u017cytku opart\u0105 na ameryka\u0144skim modelu danych szkoleniowych AI. Chc\u0119 wzmocni\u0107 konkurencyjno\u015b\u0107 europejskiej gospodarki opartej na sztucznej inteligencji i umo\u017cliwi\u0107 posiadaczom praw nowoczesne modele monetyzacji. Chc\u0119 tak\u017ce wykorzysta\u0107 mo\u017cliwo\u015bci, jakie daje sztuczna inteligencja (AI) w edukacji. Aplikacje AI mog\u0105 wspiera\u0107 indywidualn\u0105 nauk\u0119 uczni\u00f3w poprzez dostosowane do ich potrzeb materia\u0142y edukacyjne. Sztuczna inteligencja oferuje r\u00f3wnie\u017c mo\u017cliwo\u015b\u0107 odci\u0105\u017cenia nauczycieli. Nale\u017cy jak najwcze\u015bniej uczy\u0107 uczni\u00f3w, jak kompetentnie korzysta\u0107 ze sztucznej inteligencji, aby przygotowa\u0107 ich do pracy w \u015bwiecie pracy, na kt\u00f3ry sztuczna inteligencja ma coraz wi\u0119kszy wp\u0142yw\u201d.<\/em><\/p>\n\n\n\n<p><strong>Jakie korzy\u015bci Europa czerpie z um\u00f3w o wolnym handlu?<\/strong><\/p>\n\n\n\n<p>&#8220;<em>UE odnios\u0142aby korzy\u015bci ze wzrostu gospodarczego, wymiany technologii i innowacji mi\u0119dzy umawiaj\u0105cymi si\u0119 stronami oraz wzmocnionych stosunk\u00f3w dyplomatycznych. Konsumenci r\u00f3wnie\u017c odnie\u015bliby korzy\u015bci z um\u00f3w o wolnym handlu, poniewa\u017c umowy handlowe poszerzaj\u0105 wyb\u00f3r produkt\u00f3w i us\u0142ug dla konsument\u00f3w oraz obni\u017caj\u0105 ceny dla konsument\u00f3w poprzez eliminacj\u0119 lub zmniejszenie ce\u0142 i barier handlowych. Wzrost handlu mo\u017ce r\u00f3wnie\u017c stworzy\u0107 miejsca pracy w bran\u017cach zorientowanych na eksport, takich jak Niemcy.<\/em>&#8220;<\/p>\n\n\n\n<p><strong>Wielu polityk\u00f3w m\u00f3wi o dywersyfikacji energetycznej. Jakie jest idealne rozwi\u0105zanie w Twoim przypadku<br>opinia?<\/strong><\/p>\n\n\n\n<p><em>\u201eIdealnym rozwi\u0105zaniem jest sama dywersyfikacja. Samotne wysi\u0142ki Niemiec przeciwko interesom naszych europejskich partner\u00f3w w Nord Stream 1 i 2 by\u0142y powa\u017cnym b\u0142\u0119dem. Nasz\u0105 odpowiedzi\u0105 jest wsp\u00f3lna zagraniczna polityka energetyczna, kt\u00f3ra tworzy partnerstwa energetyczne z wiarygodnymi krajami. Synteza j\u0105drowa oferuje potencja\u0142 wytwarzania energii w spos\u00f3b neutralny dla klimatu i bezpieczny w przysz\u0142o\u015bci. Chc\u0119 stworzy\u0107 przyjazne innowacjom ramy prawne dla syntezy j\u0105drowej, wykraczaj\u0105ce poza prawo nuklearne, uwzgl\u0119dniaj\u0105ce mniejsze ryzyko zwi\u0105zane z t\u0105 technologi\u0105. Wod\u00f3r i paliwa syntetyczne oferuj\u0105 ogromne mo\u017cliwo\u015bci jako przysz\u0142e urz\u0105dzenia magazynuj\u0105ce energi\u0119. Paliwa alternatywne, takie jak e-paliwa, powinny by\u0107 dozwolone zar\u00f3wno w postaci czystego paliwa, jak i jako domieszka. Silniki spalinowe same w sobie nie s\u0105 szkodliwe dla klimatu, raczej ich dzia\u0142anie na paliwach kopalnych. Aby flota licz\u0105ca ponad miliard pojazd\u00f3w z silnikami spalinowymi na ca\u0142ym \u015bwiecie sta\u0142a si\u0119 bardziej przyjazna dla klimatu, stawiamy na zast\u0105pienie paliw kopalnych paliwami syntetycznymi i zaanga\u017cowanie w silnik spalinowy jako element mobilno\u015bci ludzi. Chcemy, aby silniki spalinowe by\u0142y przyjazne dla klimatu, a nie ich zakazywa\u0107. Jednocze\u015bnie chc\u0119 przyspieszy\u0107 rozbudow\u0119 infrastruktury i energetyki odnawialnej. Ponadto ma zosta\u0107 rozbudowana sie\u0107 elektroenergetyczna pomi\u0119dzy pa\u0144stwami cz\u0142onkowskimi i utworzony europejski wewn\u0119trzny rynek energii.\u201d<\/em><\/p>\n\n\n\n<p><strong>Kt\u00f3ry wolisz i dlaczego? Innowacja kontra regulacje?<\/strong><\/p>\n\n\n\n<p><em>\u201eJako libera\u0142 mog\u0119 \u0142atwo odpowiedzie\u0107 na to pytanie: chcemy, aby Europa sta\u0142a si\u0119 \u015bwiatowym centrum prze\u0142omowych innowacji i najnowocze\u015bniejszych technologii. Innowacje zwi\u0119kszaj\u0105 efektywno\u015b\u0107 i elastyczno\u015b\u0107, sprzyjaj\u0105 konkurencji, zapewniaj\u0105 kreatywno\u015b\u0107 i dynamik\u0119, prowadz\u0105 do obni\u017cenia koszt\u00f3w dla firm i pozwalaj\u0105 unikn\u0105\u0107 niepotrzebnej biurokracji.\u201d<\/em><\/p>","protected":false},"excerpt":{"rendered":"<p>Nasz menad\u017cer ds. rz\u0105dowych Zoltan Kesz przeprowadzi\u0142 wywiad z kandydatem do Parlamentu Europejskiego z niemieckiej Wolnej Partii Demokratycznej. Celem dyskusji by\u0142o uzyskanie wgl\u0105du w ich pogl\u0105dy na temat przysz\u0142o\u015bci Europy, proponowane przez nich podej\u015bcia do stawienia czo\u0142a bie\u017c\u0105cym wyzwaniom oraz ich stanowisko w kluczowych kwestiach politycznych. Jakie s\u0105 najwi\u0119ksze wyzwania\u2026<\/p>","protected":false},"author":1,"featured_media":854,"comment_status":"open","ping_status":"open","sticky":false,"template":"","format":"standard","meta":{"_acf_changed":false,"_genesis_block_theme_hide_title":false,"footnotes":""},"categories":[7],"tags":[],"class_list":{"0":"post-853","1":"post","2":"type-post","3":"status-publish","4":"format-standard","5":"has-post-thumbnail","6":"hentry","7":"category-blog","9":"with-featured-image"},"acf":[],"yoast_head":"<!-- This site is optimized with the Yoast SEO plugin v25.8 - https:\/\/yoast.com\/wordpress\/plugins\/seo\/ -->\n<title>Interview with MEP candidate Davide Rizzuti - Consumer Champs<\/title>\n<meta name=\"robots\" content=\"index, follow, max-snippet:-1, max-image-preview:large, max-video-preview:-1\" \/>\n<link rel=\"canonical\" href=\"https:\/\/consumerchamps.eu\/pl\/wywiad-z-kandydatem-na-posla-davidem-rizzutim\/\" \/>\n<meta property=\"og:locale\" content=\"pl_PL\" \/>\n<meta property=\"og:type\" content=\"article\" \/>\n<meta property=\"og:title\" content=\"Interview with MEP candidate Davide Rizzuti - Consumer Champs\" \/>\n<meta property=\"og:description\" content=\"Our Government affairs manager, Zoltan Kesz, conducted an interview with a candidate for the European Parliament from Germany&#8217;s Free Democratic Party. The discussion aimed to gain insights into their views on the future of Europe, the approaches they suggest for tackling current challenges, and their stance on key policy matters. What are the biggest challenges &hellip;\" \/>\n<meta property=\"og:url\" content=\"https:\/\/consumerchamps.eu\/pl\/wywiad-z-kandydatem-na-posla-davidem-rizzutim\/\" \/>\n<meta property=\"og:site_name\" content=\"Consumer Champs\" \/>\n<meta property=\"article:published_time\" content=\"2024-04-02T07:43:00+00:00\" \/>\n<meta property=\"article:modified_time\" content=\"2024-04-02T08:53:43+00:00\" \/>\n<meta property=\"og:image\" content=\"https:\/\/consumerchamps.eu\/wp-content\/uploads\/2024\/03\/eu-parliament-blog-image.png\" \/>\n\t<meta property=\"og:image:width\" content=\"940\" \/>\n\t<meta property=\"og:image:height\" content=\"788\" \/>\n\t<meta property=\"og:image:type\" content=\"image\/png\" \/>\n<meta name=\"author\" content=\"consumerchamps\" \/>\n<meta name=\"twitter:card\" content=\"summary_large_image\" \/>\n<meta name=\"twitter:label1\" content=\"Napisane przez\" \/>\n\t<meta name=\"twitter:data1\" content=\"consumerchamps\" \/>\n\t<meta name=\"twitter:label2\" content=\"Szacowany czas czytania\" \/>\n\t<meta name=\"twitter:data2\" content=\"5 minut\" \/>\n<script type=\"application\/ld+json\" class=\"yoast-schema-graph\">{\"@context\":\"https:\/\/schema.org\",\"@graph\":[{\"@type\":\"Article\",\"@id\":\"https:\/\/consumerchamps.eu\/interview-with-mep-candidate-davide-rizzuti\/#article\",\"isPartOf\":{\"@id\":\"https:\/\/consumerchamps.eu\/interview-with-mep-candidate-davide-rizzuti\/\"},\"author\":{\"name\":\"consumerchamps\",\"@id\":\"https:\/\/consumerchamps.eu\/pt\/#\/schema\/person\/abee610907eeed950d696296af1e6ecb\"},\"headline\":\"Interview with MEP candidate Davide Rizzuti\",\"datePublished\":\"2024-04-02T07:43:00+00:00\",\"dateModified\":\"2024-04-02T08:53:43+00:00\",\"mainEntityOfPage\":{\"@id\":\"https:\/\/consumerchamps.eu\/interview-with-mep-candidate-davide-rizzuti\/\"},\"wordCount\":925,\"commentCount\":0,\"publisher\":{\"@id\":\"https:\/\/consumerchamps.eu\/pt\/#organization\"},\"image\":{\"@id\":\"https:\/\/consumerchamps.eu\/interview-with-mep-candidate-davide-rizzuti\/#primaryimage\"},\"thumbnailUrl\":\"https:\/\/consumerchamps.eu\/wp-content\/uploads\/2024\/03\/eu-parliament-blog-image.png\",\"articleSection\":[\"Blog\"],\"inLanguage\":\"pl-PL\",\"potentialAction\":[{\"@type\":\"CommentAction\",\"name\":\"Comment\",\"target\":[\"https:\/\/consumerchamps.eu\/interview-with-mep-candidate-davide-rizzuti\/#respond\"]}]},{\"@type\":\"WebPage\",\"@id\":\"https:\/\/consumerchamps.eu\/interview-with-mep-candidate-davide-rizzuti\/\",\"url\":\"https:\/\/consumerchamps.eu\/interview-with-mep-candidate-davide-rizzuti\/\",\"name\":\"Interview with MEP candidate Davide Rizzuti - Consumer Champs\",\"isPartOf\":{\"@id\":\"https:\/\/consumerchamps.eu\/pt\/#website\"},\"primaryImageOfPage\":{\"@id\":\"https:\/\/consumerchamps.eu\/interview-with-mep-candidate-davide-rizzuti\/#primaryimage\"},\"image\":{\"@id\":\"https:\/\/consumerchamps.eu\/interview-with-mep-candidate-davide-rizzuti\/#primaryimage\"},\"thumbnailUrl\":\"https:\/\/consumerchamps.eu\/wp-content\/uploads\/2024\/03\/eu-parliament-blog-image.png\",\"datePublished\":\"2024-04-02T07:43:00+00:00\",\"dateModified\":\"2024-04-02T08:53:43+00:00\",\"breadcrumb\":{\"@id\":\"https:\/\/consumerchamps.eu\/interview-with-mep-candidate-davide-rizzuti\/#breadcrumb\"},\"inLanguage\":\"pl-PL\",\"potentialAction\":[{\"@type\":\"ReadAction\",\"target\":[\"https:\/\/consumerchamps.eu\/interview-with-mep-candidate-davide-rizzuti\/\"]}]},{\"@type\":\"ImageObject\",\"inLanguage\":\"pl-PL\",\"@id\":\"https:\/\/consumerchamps.eu\/interview-with-mep-candidate-davide-rizzuti\/#primaryimage\",\"url\":\"https:\/\/consumerchamps.eu\/wp-content\/uploads\/2024\/03\/eu-parliament-blog-image.png\",\"contentUrl\":\"https:\/\/consumerchamps.eu\/wp-content\/uploads\/2024\/03\/eu-parliament-blog-image.png\",\"width\":940,\"height\":788},{\"@type\":\"BreadcrumbList\",\"@id\":\"https:\/\/consumerchamps.eu\/interview-with-mep-candidate-davide-rizzuti\/#breadcrumb\",\"itemListElement\":[{\"@type\":\"ListItem\",\"position\":1,\"name\":\"Home\",\"item\":\"https:\/\/consumerchamps.eu\/pt\/\"},{\"@type\":\"ListItem\",\"position\":2,\"name\":\"Interview with MEP candidate Davide Rizzuti\"}]},{\"@type\":\"WebSite\",\"@id\":\"https:\/\/consumerchamps.eu\/pt\/#website\",\"url\":\"https:\/\/consumerchamps.eu\/pt\/\",\"name\":\"Consumer Champs\",\"description\":\"Empowering Voices, Inspiring Change: Where Consumer Champions Shape Tomorrow&#039;s Choices\",\"publisher\":{\"@id\":\"https:\/\/consumerchamps.eu\/pt\/#organization\"},\"potentialAction\":[{\"@type\":\"SearchAction\",\"target\":{\"@type\":\"EntryPoint\",\"urlTemplate\":\"https:\/\/consumerchamps.eu\/pt\/?s={search_term_string}\"},\"query-input\":{\"@type\":\"PropertyValueSpecification\",\"valueRequired\":true,\"valueName\":\"search_term_string\"}}],\"inLanguage\":\"pl-PL\"},{\"@type\":\"Organization\",\"@id\":\"https:\/\/consumerchamps.eu\/pt\/#organization\",\"name\":\"Consumer Champs\",\"url\":\"https:\/\/consumerchamps.eu\/pt\/\",\"logo\":{\"@type\":\"ImageObject\",\"inLanguage\":\"pl-PL\",\"@id\":\"https:\/\/consumerchamps.eu\/pt\/#\/schema\/logo\/image\/\",\"url\":\"https:\/\/consumerchamps.eu\/wp-content\/uploads\/2023\/11\/CC_Logo_Gold.png\",\"contentUrl\":\"https:\/\/consumerchamps.eu\/wp-content\/uploads\/2023\/11\/CC_Logo_Gold.png\",\"width\":199,\"height\":78,\"caption\":\"Consumer Champs\"},\"image\":{\"@id\":\"https:\/\/consumerchamps.eu\/pt\/#\/schema\/logo\/image\/\"}},{\"@type\":\"Person\",\"@id\":\"https:\/\/consumerchamps.eu\/pt\/#\/schema\/person\/abee610907eeed950d696296af1e6ecb\",\"name\":\"consumerchamps\",\"image\":{\"@type\":\"ImageObject\",\"inLanguage\":\"pl-PL\",\"@id\":\"https:\/\/consumerchamps.eu\/pt\/#\/schema\/person\/image\/\",\"url\":\"https:\/\/secure.gravatar.com\/avatar\/60494a730db86c4adb95d91824cf7b3210e83da78c8216541583cf81f8626eb3?s=96&d=mm&r=g\",\"contentUrl\":\"https:\/\/secure.gravatar.com\/avatar\/60494a730db86c4adb95d91824cf7b3210e83da78c8216541583cf81f8626eb3?s=96&d=mm&r=g\",\"caption\":\"consumerchamps\"},\"sameAs\":[\"https:\/\/consumerchamps.wpenginepowered.com\"],\"url\":\"https:\/\/consumerchamps.eu\/pl\/author\/consumerchamps\/\"}]}<\/script>\n<!-- \/ Yoast SEO plugin. -->","yoast_head_json":{"title":"Wywiad z kandydatem na pos\u0142a do Parlamentu Europejskiego Davide Rizzutim \u2013 Consumer Champs","robots":{"index":"index","follow":"follow","max-snippet":"max-snippet:-1","max-image-preview":"max-image-preview:large","max-video-preview":"max-video-preview:-1"},"canonical":"https:\/\/consumerchamps.eu\/pl\/wywiad-z-kandydatem-na-posla-davidem-rizzutim\/","og_locale":"pl_PL","og_type":"article","og_title":"Interview with MEP candidate Davide Rizzuti - Consumer Champs","og_description":"Our Government affairs manager, Zoltan Kesz, conducted an interview with a candidate for the European Parliament from Germany&#8217;s Free Democratic Party. The discussion aimed to gain insights into their views on the future of Europe, the approaches they suggest for tackling current challenges, and their stance on key policy matters. What are the biggest challenges &hellip;","og_url":"https:\/\/consumerchamps.eu\/pl\/wywiad-z-kandydatem-na-posla-davidem-rizzutim\/","og_site_name":"Consumer Champs","article_published_time":"2024-04-02T07:43:00+00:00","article_modified_time":"2024-04-02T08:53:43+00:00","og_image":[{"width":940,"height":788,"url":"https:\/\/consumerchamps.eu\/wp-content\/uploads\/2024\/03\/eu-parliament-blog-image.png","type":"image\/png"}],"author":"consumerchamps","twitter_card":"summary_large_image","twitter_misc":{"Napisane przez":"consumerchamps","Szacowany czas czytania":"5 minut"},"schema":{"@context":"https:\/\/schema.org","@graph":[{"@type":"Article","@id":"https:\/\/consumerchamps.eu\/interview-with-mep-candidate-davide-rizzuti\/#article","isPartOf":{"@id":"https:\/\/consumerchamps.eu\/interview-with-mep-candidate-davide-rizzuti\/"},"author":{"name":"consumerchamps","@id":"https:\/\/consumerchamps.eu\/pt\/#\/schema\/person\/abee610907eeed950d696296af1e6ecb"},"headline":"Interview with MEP candidate Davide Rizzuti","datePublished":"2024-04-02T07:43:00+00:00","dateModified":"2024-04-02T08:53:43+00:00","mainEntityOfPage":{"@id":"https:\/\/consumerchamps.eu\/interview-with-mep-candidate-davide-rizzuti\/"},"wordCount":925,"commentCount":0,"publisher":{"@id":"https:\/\/consumerchamps.eu\/pt\/#organization"},"image":{"@id":"https:\/\/consumerchamps.eu\/interview-with-mep-candidate-davide-rizzuti\/#primaryimage"},"thumbnailUrl":"https:\/\/consumerchamps.eu\/wp-content\/uploads\/2024\/03\/eu-parliament-blog-image.png","articleSection":["Blog"],"inLanguage":"pl-PL","potentialAction":[{"@type":"CommentAction","name":"Comment","target":["https:\/\/consumerchamps.eu\/interview-with-mep-candidate-davide-rizzuti\/#respond"]}]},{"@type":"WebPage","@id":"https:\/\/consumerchamps.eu\/interview-with-mep-candidate-davide-rizzuti\/","url":"https:\/\/consumerchamps.eu\/interview-with-mep-candidate-davide-rizzuti\/","name":"Wywiad z kandydatem na pos\u0142a do Parlamentu Europejskiego Davide Rizzutim \u2013 Consumer Champs","isPartOf":{"@id":"https:\/\/consumerchamps.eu\/pt\/#website"},"primaryImageOfPage":{"@id":"https:\/\/consumerchamps.eu\/interview-with-mep-candidate-davide-rizzuti\/#primaryimage"},"image":{"@id":"https:\/\/consumerchamps.eu\/interview-with-mep-candidate-davide-rizzuti\/#primaryimage"},"thumbnailUrl":"https:\/\/consumerchamps.eu\/wp-content\/uploads\/2024\/03\/eu-parliament-blog-image.png","datePublished":"2024-04-02T07:43:00+00:00","dateModified":"2024-04-02T08:53:43+00:00","breadcrumb":{"@id":"https:\/\/consumerchamps.eu\/interview-with-mep-candidate-davide-rizzuti\/#breadcrumb"},"inLanguage":"pl-PL","potentialAction":[{"@type":"ReadAction","target":["https:\/\/consumerchamps.eu\/interview-with-mep-candidate-davide-rizzuti\/"]}]},{"@type":"ImageObject","inLanguage":"pl-PL","@id":"https:\/\/consumerchamps.eu\/interview-with-mep-candidate-davide-rizzuti\/#primaryimage","url":"https:\/\/consumerchamps.eu\/wp-content\/uploads\/2024\/03\/eu-parliament-blog-image.png","contentUrl":"https:\/\/consumerchamps.eu\/wp-content\/uploads\/2024\/03\/eu-parliament-blog-image.png","width":940,"height":788},{"@type":"BreadcrumbList","@id":"https:\/\/consumerchamps.eu\/interview-with-mep-candidate-davide-rizzuti\/#breadcrumb","itemListElement":[{"@type":"ListItem","position":1,"name":"Home","item":"https:\/\/consumerchamps.eu\/pt\/"},{"@type":"ListItem","position":2,"name":"Interview with MEP candidate Davide Rizzuti"}]},{"@type":"WebSite","@id":"https:\/\/consumerchamps.eu\/pt\/#website","url":"https:\/\/consumerchamps.eu\/pt\/","name":"Consumer Champs","description":"Wzmacniaj\u0105ce g\u0142osy, inspiruj\u0105ce zmiany: gdzie mistrzowie konsumencki kszta\u0142tuj\u0105 jutrzejsze wybory","publisher":{"@id":"https:\/\/consumerchamps.eu\/pt\/#organization"},"potentialAction":[{"@type":"SearchAction","target":{"@type":"EntryPoint","urlTemplate":"https:\/\/consumerchamps.eu\/pt\/?s={search_term_string}"},"query-input":{"@type":"PropertyValueSpecification","valueRequired":true,"valueName":"search_term_string"}}],"inLanguage":"pl-PL"},{"@type":"Organization","@id":"https:\/\/consumerchamps.eu\/pt\/#organization","name":"Consumer Champs","url":"https:\/\/consumerchamps.eu\/pt\/","logo":{"@type":"ImageObject","inLanguage":"pl-PL","@id":"https:\/\/consumerchamps.eu\/pt\/#\/schema\/logo\/image\/","url":"https:\/\/consumerchamps.eu\/wp-content\/uploads\/2023\/11\/CC_Logo_Gold.png","contentUrl":"https:\/\/consumerchamps.eu\/wp-content\/uploads\/2023\/11\/CC_Logo_Gold.png","width":199,"height":78,"caption":"Consumer Champs"},"image":{"@id":"https:\/\/consumerchamps.eu\/pt\/#\/schema\/logo\/image\/"}},{"@type":"Person","@id":"https:\/\/consumerchamps.eu\/pt\/#\/schema\/person\/abee610907eeed950d696296af1e6ecb","name":"konsumpcjoni\u015bci","image":{"@type":"ImageObject","inLanguage":"pl-PL","@id":"https:\/\/consumerchamps.eu\/pt\/#\/schema\/person\/image\/","url":"https:\/\/secure.gravatar.com\/avatar\/60494a730db86c4adb95d91824cf7b3210e83da78c8216541583cf81f8626eb3?s=96&d=mm&r=g","contentUrl":"https:\/\/secure.gravatar.com\/avatar\/60494a730db86c4adb95d91824cf7b3210e83da78c8216541583cf81f8626eb3?s=96&d=mm&r=g","caption":"consumerchamps"},"sameAs":["https:\/\/consumerchamps.wpenginepowered.com"],"url":"https:\/\/consumerchamps.eu\/pl\/author\/consumerchamps\/"}]}},"featured_image_src":"https:\/\/consumerchamps.eu\/wp-content\/uploads\/2024\/03\/eu-parliament-blog-image-600x400.png","featured_image_src_square":"https:\/\/consumerchamps.eu\/wp-content\/uploads\/2024\/03\/eu-parliament-blog-image-600x600.png","author_info":{"display_name":"consumerchamps","author_link":"https:\/\/consumerchamps.eu\/pl\/author\/consumerchamps\/"},"_links":{"self":[{"href":"https:\/\/consumerchamps.eu\/pl\/wp-json\/wp\/v2\/posts\/853","targetHints":{"allow":["GET"]}}],"collection":[{"href":"https:\/\/consumerchamps.eu\/pl\/wp-json\/wp\/v2\/posts"}],"about":[{"href":"https:\/\/consumerchamps.eu\/pl\/wp-json\/wp\/v2\/types\/post"}],"author":[{"embeddable":true,"href":"https:\/\/consumerchamps.eu\/pl\/wp-json\/wp\/v2\/users\/1"}],"replies":[{"embeddable":true,"href":"https:\/\/consumerchamps.eu\/pl\/wp-json\/wp\/v2\/comments?post=853"}],"version-history":[{"count":0,"href":"https:\/\/consumerchamps.eu\/pl\/wp-json\/wp\/v2\/posts\/853\/revisions"}],"wp:featuredmedia":[{"embeddable":true,"href":"https:\/\/consumerchamps.eu\/pl\/wp-json\/wp\/v2\/media\/854"}],"wp:attachment":[{"href":"https:\/\/consumerchamps.eu\/pl\/wp-json\/wp\/v2\/media?parent=853"}],"wp:term":[{"taxonomy":"category","embeddable":true,"href":"https:\/\/consumerchamps.eu\/pl\/wp-json\/wp\/v2\/categories?post=853"},{"taxonomy":"post_tag","embeddable":true,"href":"https:\/\/consumerchamps.eu\/pl\/wp-json\/wp\/v2\/tags?post=853"}],"curies":[{"name":"wp","href":"https:\/\/api.w.org\/{rel}","templated":true}]}}