{"id":932,"date":"2024-04-15T11:40:00","date_gmt":"2024-04-15T11:40:00","guid":{"rendered":"https:\/\/consumerchamps.eu\/?p=932"},"modified":"2024-04-15T12:11:29","modified_gmt":"2024-04-15T12:11:29","slug":"wywiad-z-kandydatem-na-posla-do-parlamentu-philippem-johanssonem","status":"publish","type":"post","link":"https:\/\/consumerchamps.eu\/pl\/wywiad-z-kandydatem-na-posla-do-parlamentu-philippem-johanssonem\/","title":{"rendered":"Wywiad z kandydatem na pos\u0142a do Parlamentu Europejskiego Philipem Johanssonem"},"content":{"rendered":"<p><em><strong>Nasz menad\u017cer do spraw rz\u0105dowych, Zoltan Kesz, przeprowadzi\u0142 wywiad z kandydatem szwedzkiej partii Pirate do Parlamentu Europejskiego.&nbsp;<\/strong><\/em><strong><em>Celem rozmowy by\u0142o poznanie ich punkt\u00f3w widzenia na przysz\u0142o\u015b\u0107 Europy, zalecanych przez nich strategii rozwi\u0105zania bie\u017c\u0105cych problem\u00f3w oraz ich stanowiska w wa\u017cnych kwestiach politycznych.<\/em><\/strong><\/p>\n\n\n\n<p><strong>Jakie s\u0105 najwi\u0119ksze wyzwania stoj\u0105ce obecnie przed UE?<\/strong><\/p>\n\n\n\n<p><em>\u201eNajwi\u0119kszym problemem, przed kt\u00f3rym stoi UE, jest spos\u00f3b, w jaki niekt\u00f3re pa\u0144stwa cz\u0142onkowskie, a tak\u017ce sama Komisja UE kwestionuj\u0105 praworz\u0105dno\u015b\u0107 i prawa cz\u0142owieka w kwestiach takich jak kontrola czatu.<\/em><\/p>\n\n\n\n<p><em>Rozprzestrzenianie si\u0119 nieliberalnych pa\u0144stw policyjnych w Europie jest wynikiem ci\u0105g\u0142ej ekspansji masowej inwigilacji, z kt\u00f3r\u0105 walka jest moim g\u0142\u00f3wnym celem politycznym. Pierwsz\u0105 rzecz\u0105, kt\u00f3r\u0105 nale\u017cy rozpozna\u0107, jest to, \u017ce nie ma ju\u017c rozr\u00f3\u017cnienia pomi\u0119dzy masow\u0105 inwigilacj\u0105 pa\u0144stwow\u0105 i korporacyjn\u0105; Nadz\u00f3r pa\u0144stwowy odbywa si\u0119 g\u0142\u00f3wnie za pomoc\u0105 tylnych drzwi umo\u017cliwiaj\u0105cych dost\u0119p do danych gromadzonych przez przedsi\u0119biorstwa.<\/em><\/p>\n\n\n\n<p><em>Korporacje te z kolei zabezpieczaj\u0105 swoje dalsze prawo do wykorzystywania danych konsument\u00f3w poprzez przechwytywanie przepis\u00f3w i wysi\u0142ki lobbuj\u0105ce, takie jak nota polityczna \u201eDane i prywatno\u015b\u0107 konsument\u00f3w\u201d wydana przez Consumer Choice Center, dokument, kt\u00f3ry wydawa\u0142by si\u0119 przekonuj\u0105cy tylko dla prawodawc\u00f3w nieposiadaj\u0105cych do\u015bwiadczenia technologicznego .\u201d<\/em><\/p>\n\n\n\n<p><strong>Jaka jest Twoja wizja Europy w nadchodz\u0105cej dekadzie?<\/strong><\/p>\n\n\n\n<p><em>\u201eMoja wizja jest taka, \u017ce zdrowa Europa b\u0119dzie w dalszym ci\u0105gu robi\u0107 to, co potrafi najlepiej, jak ochrona praw obywatelskich, a w szczeg\u00f3lno\u015bci praw konsumenckich, oraz korzy\u015bci, jakie przynosz\u0105 nie tylko wi\u0119ksz\u0105 wolno\u015b\u0107 jednostki, ale d\u0142ugoterminowy dobrobyt ca\u0142ego spo\u0142ecze\u0144stwa unia.<\/em><\/p>\n\n\n\n<p><em>Doskona\u0142ym przyk\u0142adem promowania konkurencji w spos\u00f3b chroni\u0105cy innowacyjno\u015b\u0107 jest wdro\u017cenie unijnego mandatu dotycz\u0105cego wsp\u00f3lnych \u0142adowarek, w ramach kt\u00f3rego organowi normalizacyjnemu bran\u017cowemu powierzono podj\u0119cie decyzji w sprawie konkretnego z\u0142\u0105cza oraz przyznano mu mandat do zmiany tego standardu w przysz\u0142o\u015b\u0107. Zapobiega to uzale\u017cnieniu konsument\u00f3w, jednocze\u015bnie umo\u017cliwiaj\u0105c przysz\u0142e innowacje.<\/em><\/p>\n\n\n\n<p><em>Funkcjonuj\u0105cy rynek opiera si\u0119 na rzeczywi\u015bcie poinformowanym konsumencie, kt\u00f3ry dokonuje wyboru pomi\u0119dzy wieloma znacz\u0105co r\u00f3\u017cnymi produktami lub us\u0142ugami, kt\u00f3re faktycznie ze sob\u0105 konkuruj\u0105. Wszelkie regulacje rynkowe powinny d\u0105\u017cy\u0107 do wzmocnienia tych podstawowych warunk\u00f3w.\u201d<\/em><\/p>\n\n\n\n<p><strong>Jak widzisz rol\u0119 AI w najbli\u017cszej przysz\u0142o\u015bci? Co my\u015blisz o uregulowaniu tego?<\/strong><\/p>\n\n\n\n<p><em>\u201eMy\u015bl\u0119, \u017ce nale\u017cy zachowa\u0107 ostro\u017cno\u015b\u0107 przy regulowaniu generatywnej sztucznej inteligencji w taki spos\u00f3b, aby zwi\u0119kszy\u0107 bariery wej\u015bcia na t\u0119 now\u0105 przestrze\u0144, gdzie niezb\u0119dny jest zdrowy rynek z wieloma silnymi konkurentami. Regulacje dotycz\u0105ce sposobu wykorzystania generatywnej sztucznej inteligencji i rozpowszechniania jej produkt\u00f3w s\u0105 moim zdaniem niepotrzebne. Dezinformacja, sfabrykowane obrazy i tym podobne nie s\u0105 nowymi problemami. Mo\u017cemy wykorzysta\u0107 narz\u0119dzia, kt\u00f3re ju\u017c posiadamy, aby walczy\u0107 z tymi problemami.<\/em><\/p>\n\n\n\n<p><em>My\u015bl\u0119, \u017ce odpowiednie regulacje to takie, kt\u00f3re obni\u017caj\u0105 bariery wej\u015bcia, ograniczaj\u0105c jednocze\u015bnie zachowania antykonkurencyjne i panuj\u0105c w firmach zbli\u017caj\u0105cych si\u0119 do statusu monopolisty. Przyk\u0142adem mog\u0105 by\u0107 regulacje promuj\u0105ce modele open source, kt\u00f3re mo\u017cna uruchomi\u0107 na sprz\u0119cie klasy konsumenckiej, zamiast na zastrze\u017conych rozwi\u0105zaniach chmurowych.<\/em><\/p>\n\n\n\n<p><em>Odk\u0142adaj\u0105c na bok generatywn\u0105 sztuczn\u0105 inteligencj\u0119, istniej\u0105 r\u00f3wnie\u017c inne jej rodzaje, takie jak systemy stosowane w s\u0142u\u017cbie masowej inwigilacji. Poniewa\u017c s\u0105 one podatne na nowe rodzaje nadu\u017cy\u0107 ze strony rz\u0105d\u00f3w i innych pot\u0119\u017cnych podmiot\u00f3w, nale\u017cy je uregulowa\u0107. Uwa\u017cam, \u017ce nowo uchwalona ustawa o sztucznej inteligencji to krok we w\u0142a\u015bciwym kierunku, ale wydzielenia organ\u00f3w \u015bcigania i organ\u00f3w migracyjnych s\u0105 powa\u017cnym rozczarowaniem i pozwalaj\u0105 na dystopijny poziom zautomatyzowanego nadmiernego zasi\u0119gu pa\u0144stwa. Jestem r\u00f3wnie\u017c sceptyczny co do tego, w jaki spos\u00f3b ustawa ma nadziej\u0119, \u017ce dostawcy system\u00f3w wysokiego ryzyka po prostu sami zaklasyfikuj\u0105 si\u0119 jako tacy. Poszanowanie praw jednostki nie powinno by\u0107 dobrowolne.\u201d<\/em><\/p>\n\n\n\n<p><strong>Jakie korzy\u015bci Europa czerpie z um\u00f3w o wolnym handlu?<\/strong><\/p>\n\n\n\n<p><em>\u201eDzi\u0119ki prostej zasadzie przewagi konkurencyjnej. Je\u015bli np. produkcja jakiego\u015b produktu opiera si\u0119 na ekonomii skali, aby by\u0107 konkurencyjnym, by\u0107 mo\u017ce krajowy rynek UE jest w stanie utrzyma\u0107 tylko jedn\u0105 tak\u0105 firm\u0119. Doprowadzi\u0142oby to do monopolizacji rynku, chyba \u017ce uda nam si\u0119 w\u00f3wczas rozszerzy\u0107 rynek, aby m\u00f3g\u0142 by\u0107 wsp\u00f3\u0142dzielony mi\u0119dzy UE a innymi przyjaznymi gospodarkami. G\u0142\u00f3wnym celem um\u00f3w o wolnym handlu powinno by\u0107 to, co faktycznie potrafi\u0105 osi\u0105gn\u0105\u0107: zwi\u0119kszenie dobrobytu zaanga\u017cowanych stron.<\/em><\/p>\n\n\n\n<p><em>Nie jestem jednak naiwny, je\u015bli chodzi o ryzyko, jakie umowy o wolnym handlu mog\u0105 stworzy\u0107 w wyniku nadmiernego polegania na imporcie z kraj\u00f3w, kt\u00f3re mog\u0105 okaza\u0107 si\u0119 mniej przyjazne, ni\u017c pocz\u0105tkowo s\u0105dzono. Aby maksymalnie skorzysta\u0107 z um\u00f3w o wolnym handlu, powinni\u015bmy d\u0105\u017cy\u0107 do tego, aby UE by\u0142a samowystarczalna, gdyby zasz\u0142a taka potrzeba, jako skutek uboczny oznacza\u0142oby to tak\u017ce krajowych konkurent\u00f3w na kluczowych rynkach, zapewniaj\u0105c europejskim konsumentom zawsze wyb\u00f3r dostawc\u00f3w wszelkich towar\u00f3w lub us\u0142ug, kt\u00f3re chc\u0105 kupi\u0107.<\/em><\/p>\n\n\n\n<p><em>Ponadto nie mo\u017cemy pozwoli\u0107, aby umowy o wolnym handlu podwa\u017ca\u0142y nasze prawodawstwo w obszarach, w kt\u00f3rych jeste\u015bmy ju\u017c \u015bwiatowymi liderami, lub zmusza\u0142y nas do importowania z\u0142ych przepis\u00f3w, takich jak wymogi dotycz\u0105ce w\u0142asno\u015bci intelektualnej podobne do ACTA, zawarte w proponowanym TTIP. Zamiast tego dobrze sporz\u0105dzone umowy o wolnym handlu pozwalaj\u0105, aby standardy UE chroni\u0142y nawet osoby mieszkaj\u0105ce poza krajami cz\u0142onkowskimi\u201d.<\/em><\/p>\n\n\n\n<p><strong>Wielu polityk\u00f3w m\u00f3wi o dywersyfikacji energetycznej. Jakie jest wed\u0142ug Ciebie idealne rozwi\u0105zanie?<\/strong><\/p>\n\n\n\n<p><em>\u201eDostawy energii w du\u017cym stopniu zale\u017c\u0105 od czynnik\u00f3w geograficznych i ekonomicznych. M\u00f3j kraj rodzinny, Szwecja, ma bardzo korzystne po\u0142o\u017cenie geograficzne, kt\u00f3re umo\u017cliwia produkcj\u0119 du\u017cych ilo\u015bci energii wodnej. Nie ka\u017cdy kraj to robi, dlatego te\u017c uwa\u017cam, \u017ce jedyn\u0105 niezb\u0119dn\u0105 inicjatyw\u0105 w zakresie wydatk\u00f3w publicznych powinno by\u0107 dalsze rozwijanie sieci energetycznej UE, aby umo\u017cliwi\u0107 tym z nas, kt\u00f3rym sprzyja po\u0142o\u017cenie geograficzne, dostarczanie innym zielonej energii. Taka rozbudowa infrastruktury elektroenergetycznej umo\u017cliwi\u0142aby tak\u017ce wi\u0119kszy udzia\u0142 sporadycznej zielonej energii dla dowolnego kraju, gdy\u017c ewentualny nadmiar m\u00f3g\u0142by zosta\u0107 sprzedany na jednolitym rynku europejskim, kt\u00f3ry ze wzgl\u0119du na swoj\u0105 skal\u0119 b\u0119dzie w naturalny spos\u00f3b mniej podatny na du\u017ce wahania cen.<\/em><\/p>\n\n\n\n<p><em>Nawet w przypadku bardziej zintegrowanej sieci nadal potrzebowaliby\u015bmy mocy przy obci\u0105\u017ceniu podstawowym i chocia\u017c uwa\u017cam, \u017ce wiele mo\u017cna by osi\u0105gn\u0105\u0107 dzi\u0119ki ustalaniu stawek godzinowych i tak zwanym \u201einteligentnym sieciom\u201d, a tak\u017ce rozwojowi elektrowni szczytowo-pompowych, to prawdopodobnie nadal b\u0119d\u0105 potrzebowa\u0107 du\u017co energii j\u0105drowej. Energia j\u0105drowa jest jedyn\u0105 (w wi\u0119kszo\u015bci) niezale\u017cn\u0105 od po\u0142o\u017cenia geograficznego i woln\u0105 od emisji dwutlenku w\u0119gla energi\u0105, kt\u00f3r\u0105 mo\u017cna dystrybuowa\u0107, ale poniewa\u017c w przesz\u0142o\u015bci wymaga\u0142a du\u017cych dotacji rz\u0105dowych, aby zachowa\u0107 konkurencyjno\u015b\u0107, minimalizacja tych dotacji jest og\u00f3lnie po\u017c\u0105dana, ale mo\u017ce prowadzi\u0107 do spadku wykorzystania energii j\u0105drowej, co jest dopuszczalne tylko pod warunkiem, \u017ce nie prowadzi do wzrostu zu\u017cycia paliw kopalnych.<\/em><\/p>\n\n\n\n<p><em>Co wa\u017cne, desperacko musimy tak\u017ce zmniejszy\u0107 nasz\u0105 zale\u017cno\u015b\u0107 od paliw kopalnych i uwa\u017cam, \u017ce najskuteczniejszym sposobem na osi\u0105gni\u0119cie tego jest wykorzystanie si\u0142 rynkowych w celu na\u0142o\u017cenia koszt\u00f3w finansowych za negatywne skutki zewn\u0119trzne, jakie stanowi\u0105 emisje. W innych krajach mo\u017cna to osi\u0105gn\u0105\u0107 za pomoc\u0105 podatku od emisji dwutlenku w\u0119gla, ale UE stosuje system \u201elimit\u00f3w i handlu\u201d. Kompromisy wynikaj\u0105ce z tych podej\u015b\u0107 mo\u017cna om\u00f3wi\u0107 gdzie indziej, ale w naszym obecnym systemie potrzebne by\u0142oby dalsze ograniczenie przyznawania kredyt\u00f3w w\u0119glowych, aby zrekompensowa\u0107 emisje powsta\u0142e w wyniku nieefektywnego ustalania cen w 2010 roku.<\/em><\/p>\n\n\n\n<p><strong>Kt\u00f3ry wolisz i dlaczego? Innowacja kontra regulacje?<\/strong><\/p>\n\n\n\n<p>&#8220;<em>To dziwne pytanie. Innowacja, oczywi\u015bcie. Wszyscy oczywi\u015bcie my\u015bl\u0105, \u017ce wspieraj\u0105 innowacje, a regulacje, kt\u00f3re wspieraj\u0105, s\u0105 konieczne, podczas gdy proponowane przez innych regulacje to przesada ze strony rz\u0105du.<\/em><\/p>\n\n\n\n<p><em>Na przyk\u0142ad wydaje si\u0119, \u017ce uchwa\u0142a Consumer Choice Center chce by\u0107 postrzegana jako zdecydowanie antyregulacyjna, a mimo to popierasz rz\u0105d przyznaj\u0105cy co roku prawa monopolistyczne milionom przedsi\u0119biorstw w formie&nbsp;<br>w\u0142asno\u015b\u0107 intelektualna. Patenty i prawa autorskie s\u0105 moim zdaniem regulacjami, kt\u00f3re stanowi\u0105 najwi\u0119ksz\u0105 przeszkod\u0119 dla innowacji i kt\u00f3re w du\u017cej mierze pozostaj\u0105 niekwestionowane. Koncepcje te zosta\u0142y zaprojektowane setki lat temu i obowi\u0105zywa\u0142y przez znacznie kr\u00f3tsze okresy czasu i od tego czasu, pomimo przyspieszenia tempa technologii i kultury o rz\u0105d wielko\u015bci, ich zasi\u0119g i d\u0142ugo\u015b\u0107 obowi\u0105zywania uros\u0142y do absurdalnych rozmiar\u00f3w.<\/em><\/p>\n\n\n\n<p><em>Obejmuje to oczywi\u015bcie nieproporcjonalne \u015brodki egzekwowania prawa, takie jak te zawarte w dyrektywie w sprawie praw autorskich na jednolitym rynku cyfrowym, kt\u00f3re uchylaj\u0105 prawa obywateli i konsument\u00f3w na rzecz pogoni za rent\u0105 przez du\u017ce korporacje posiadaczy praw.<\/em><\/p>\n\n\n\n<p><em>Twoja wsp\u00f3\u0142praca z ECR, \u201eSprawa konsumencka dotycz\u0105ca w\u0142asno\u015bci intelektualnej\u201d, to dziwaczny chwyt propagandowy, kt\u00f3ry zdradza, \u017ce gdy interesy konsument\u00f3w i wielkiego biznesu s\u0105 sprzeczne, nie stajesz ju\u017c po stronie&nbsp;<br>z konsumentem.\u201d<\/em><\/p>\n\n\n\n<p><strong>Jakie obawy Wasi wyborcy odnosz\u0105 si\u0119 do Unii Europejskiej?<\/strong><\/p>\n\n\n\n<p><em>\u201eMy\u015bl\u0119, \u017ce dla wielu UE UE jest zagmatwana i nieprzejrzysta, co moim zdaniem wynika g\u0142\u00f3wnie z problemu kompetentnych relacji w mediach. Mam nadziej\u0119 kontynuowa\u0107 tradycj\u0119 Partii Pirate polegaj\u0105c\u0105 na dostarczaniu przejrzystych i zrozumia\u0142ych informacji zar\u00f3wno dziennikarzom, jak i obywatelom.<\/em><\/p>\n\n\n\n<p><em>Ci, kt\u00f3rych mam nadziej\u0119 szczeg\u00f3lnie reprezentowa\u0107, to ci, kt\u00f3rzy najbardziej troszcz\u0105 si\u0119 o prawo do prywatno\u015bci w \u015bwiecie rosn\u0105cej masowej inwigilacji oraz o poprowadzenie UE w kierunku, kt\u00f3ry chroni jej obywateli, zamiast&nbsp;<br>dalszy wk\u0142ad w taki nadz\u00f3r.\u201d<\/em><\/p>\n\n\n\n<p><strong>Czy uwa\u017ca Pan, \u017ce m\u0105drze jest przyj\u0105\u0107 do Unii wi\u0119cej kraj\u00f3w?<\/strong><\/p>\n\n\n\n<p><em>\u201eZdecydowanie d\u0142ugoterminowe. Nale\u017cy jednak zastanowi\u0107 si\u0119, jaki wp\u0142yw b\u0119d\u0105 mia\u0142y one na europejski klimat polityczny, a tak\u017ce na jednolity rynek. Je\u015bli, a mo\u017ce kiedy, Ukraina przyst\u0105pi\u0142aby do UE, spowodowa\u0142oby to ca\u0142kowity chaos na rynku rolnym wraz z odpowiadaj\u0105cymi mu dotacjami, poniewa\u017c jej niezwyk\u0142a zdolno\u015b\u0107 do produkcji zbo\u017ca prze\u015bcign\u0119\u0142aby prawie wszystkich obecnych producent\u00f3w zb\u00f3\u017c w UE.<\/em><\/p>\n\n\n\n<p><em>Je\u017celi na przyk\u0142ad przyst\u0105pi\u0142aby Serbia, wp\u0142yw mo\u017ce by\u0107 najsilniej odczuwalny w wymiarze politycznym, gdy\u017c prawdopodobnie sprzymierzy\u0142aby si\u0119 z Polsk\u0105 i W\u0119grami, pog\u0142\u0119biaj\u0105c ju\u017c powstaj\u0105cy roz\u0142am ideologiczny&nbsp;<br>mi\u0119dzy krajami cz\u0142onkowskimi, co stanowi roz\u0142am, kt\u00f3ry ju\u017c stanowi przeszkod\u0119 w zdolno\u015bci UE do skutecznego dzia\u0142ania.<\/em><\/p>\n\n\n\n<p><em>Gdyby jednak uda\u0142o si\u0119 przezwyci\u0119\u017cy\u0107 takie wyzwania, my\u015bl\u0119, \u017ce obywatelom zar\u00f3wno obecnych kraj\u00f3w cz\u0142onkowskich, jak i nowych kraj\u00f3w by\u0142oby razem znacznie lepiej\u201d.<\/em><\/p>","protected":false},"excerpt":{"rendered":"<p>Nasz kierownik ds. rz\u0105dowych, Zoltan Kesz, przeprowadzi\u0142 wywiad z kandydatem ze szwedzkiej partii Pirate do Parlamentu Europejskiego. Rozmowa mia\u0142a na celu zrozumienie ich perspektyw na przysz\u0142o\u015b\u0107 Europy, strategii, kt\u00f3re zalecaj\u0105 w celu rozwi\u0105zania bie\u017c\u0105cych problem\u00f3w, oraz ich stanowiska w wa\u017cnych kwestiach politycznych. Jakie s\u0105 najwi\u0119ksze wyzwania, przed kt\u00f3rymi stoi obecnie UE? \u201eNajwi\u0119ksze \u2026<\/p>","protected":false},"author":1,"featured_media":933,"comment_status":"open","ping_status":"open","sticky":false,"template":"","format":"standard","meta":{"_acf_changed":false,"_genesis_block_theme_hide_title":false,"footnotes":""},"categories":[7],"tags":[],"class_list":{"0":"post-932","1":"post","2":"type-post","3":"status-publish","4":"format-standard","5":"has-post-thumbnail","6":"hentry","7":"category-blog","9":"with-featured-image"},"acf":[],"yoast_head":"<!-- This site is optimized with the Yoast SEO plugin v25.8 - https:\/\/yoast.com\/wordpress\/plugins\/seo\/ -->\n<title>Interview with MEP candidate Philip Johansson - Consumer Champs<\/title>\n<meta name=\"robots\" content=\"index, follow, max-snippet:-1, max-image-preview:large, max-video-preview:-1\" \/>\n<link rel=\"canonical\" href=\"https:\/\/consumerchamps.eu\/pl\/wywiad-z-kandydatem-na-posla-do-parlamentu-philippem-johanssonem\/\" \/>\n<meta property=\"og:locale\" content=\"pl_PL\" \/>\n<meta property=\"og:type\" content=\"article\" \/>\n<meta property=\"og:title\" content=\"Interview with MEP candidate Philip Johansson - Consumer Champs\" \/>\n<meta property=\"og:description\" content=\"Our government affairs manager, Zoltan Kesz, interviewed a candidate from Sweden&#8217;s Pirate Party for the European Parliament.&nbsp;The conversation sought to understand their perspectives on the future of Europe, the strategies they recommend for addressing present issues, and their position on important policy issues. What are the biggest challenges the EU is currently facing? &#8220;The biggest &hellip;\" \/>\n<meta property=\"og:url\" content=\"https:\/\/consumerchamps.eu\/pl\/wywiad-z-kandydatem-na-posla-do-parlamentu-philippem-johanssonem\/\" \/>\n<meta property=\"og:site_name\" content=\"Consumer Champs\" \/>\n<meta property=\"article:published_time\" content=\"2024-04-15T11:40:00+00:00\" \/>\n<meta property=\"article:modified_time\" content=\"2024-04-15T12:11:29+00:00\" \/>\n<meta property=\"og:image\" content=\"https:\/\/consumerchamps.eu\/wp-content\/uploads\/2024\/04\/eu-parliament-blog-image-1.png\" \/>\n\t<meta property=\"og:image:width\" content=\"940\" \/>\n\t<meta property=\"og:image:height\" content=\"788\" \/>\n\t<meta property=\"og:image:type\" content=\"image\/png\" \/>\n<meta name=\"author\" content=\"consumerchamps\" \/>\n<meta name=\"twitter:card\" content=\"summary_large_image\" \/>\n<meta name=\"twitter:label1\" content=\"Napisane przez\" \/>\n\t<meta name=\"twitter:data1\" content=\"consumerchamps\" \/>\n\t<meta name=\"twitter:label2\" content=\"Szacowany czas czytania\" \/>\n\t<meta name=\"twitter:data2\" content=\"9 minut\" \/>\n<script type=\"application\/ld+json\" class=\"yoast-schema-graph\">{\"@context\":\"https:\/\/schema.org\",\"@graph\":[{\"@type\":\"Article\",\"@id\":\"https:\/\/consumerchamps.eu\/el\/\u03c3\u03c5\u03bd\u03ad\u03bd\u03c4\u03b5\u03c5\u03be\u03b7-\u03bc\u03b5-\u03c4\u03bf\u03bd-\u03c5\u03c0\u03bf\u03c8\u03ae\u03c6\u03b9\u03bf-\u03b2\u03bf\u03c5\u03bb\u03b5\u03c5\u03c4\u03ae-\u03c6\/#article\",\"isPartOf\":{\"@id\":\"https:\/\/consumerchamps.eu\/el\/\u03c3\u03c5\u03bd\u03ad\u03bd\u03c4\u03b5\u03c5\u03be\u03b7-\u03bc\u03b5-\u03c4\u03bf\u03bd-\u03c5\u03c0\u03bf\u03c8\u03ae\u03c6\u03b9\u03bf-\u03b2\u03bf\u03c5\u03bb\u03b5\u03c5\u03c4\u03ae-\u03c6\/\"},\"author\":{\"name\":\"consumerchamps\",\"@id\":\"https:\/\/consumerchamps.eu\/pt\/#\/schema\/person\/abee610907eeed950d696296af1e6ecb\"},\"headline\":\"Interview with MEP candidate Philip Johansson\",\"datePublished\":\"2024-04-15T11:40:00+00:00\",\"dateModified\":\"2024-04-15T12:11:29+00:00\",\"mainEntityOfPage\":{\"@id\":\"https:\/\/consumerchamps.eu\/el\/\u03c3\u03c5\u03bd\u03ad\u03bd\u03c4\u03b5\u03c5\u03be\u03b7-\u03bc\u03b5-\u03c4\u03bf\u03bd-\u03c5\u03c0\u03bf\u03c8\u03ae\u03c6\u03b9\u03bf-\u03b2\u03bf\u03c5\u03bb\u03b5\u03c5\u03c4\u03ae-\u03c6\/\"},\"wordCount\":1730,\"commentCount\":0,\"publisher\":{\"@id\":\"https:\/\/consumerchamps.eu\/pt\/#organization\"},\"image\":{\"@id\":\"https:\/\/consumerchamps.eu\/el\/\u03c3\u03c5\u03bd\u03ad\u03bd\u03c4\u03b5\u03c5\u03be\u03b7-\u03bc\u03b5-\u03c4\u03bf\u03bd-\u03c5\u03c0\u03bf\u03c8\u03ae\u03c6\u03b9\u03bf-\u03b2\u03bf\u03c5\u03bb\u03b5\u03c5\u03c4\u03ae-\u03c6\/#primaryimage\"},\"thumbnailUrl\":\"https:\/\/consumerchamps.eu\/wp-content\/uploads\/2024\/04\/eu-parliament-blog-image-1.png\",\"articleSection\":[\"Blog\"],\"inLanguage\":\"pl-PL\",\"potentialAction\":[{\"@type\":\"CommentAction\",\"name\":\"Comment\",\"target\":[\"https:\/\/consumerchamps.eu\/el\/\u03c3\u03c5\u03bd\u03ad\u03bd\u03c4\u03b5\u03c5\u03be\u03b7-\u03bc\u03b5-\u03c4\u03bf\u03bd-\u03c5\u03c0\u03bf\u03c8\u03ae\u03c6\u03b9\u03bf-\u03b2\u03bf\u03c5\u03bb\u03b5\u03c5\u03c4\u03ae-\u03c6\/#respond\"]}]},{\"@type\":\"WebPage\",\"@id\":\"https:\/\/consumerchamps.eu\/el\/\u03c3\u03c5\u03bd\u03ad\u03bd\u03c4\u03b5\u03c5\u03be\u03b7-\u03bc\u03b5-\u03c4\u03bf\u03bd-\u03c5\u03c0\u03bf\u03c8\u03ae\u03c6\u03b9\u03bf-\u03b2\u03bf\u03c5\u03bb\u03b5\u03c5\u03c4\u03ae-\u03c6\/\",\"url\":\"https:\/\/consumerchamps.eu\/el\/\u03c3\u03c5\u03bd\u03ad\u03bd\u03c4\u03b5\u03c5\u03be\u03b7-\u03bc\u03b5-\u03c4\u03bf\u03bd-\u03c5\u03c0\u03bf\u03c8\u03ae\u03c6\u03b9\u03bf-\u03b2\u03bf\u03c5\u03bb\u03b5\u03c5\u03c4\u03ae-\u03c6\/\",\"name\":\"Interview with MEP candidate Philip Johansson - Consumer Champs\",\"isPartOf\":{\"@id\":\"https:\/\/consumerchamps.eu\/pt\/#website\"},\"primaryImageOfPage\":{\"@id\":\"https:\/\/consumerchamps.eu\/el\/\u03c3\u03c5\u03bd\u03ad\u03bd\u03c4\u03b5\u03c5\u03be\u03b7-\u03bc\u03b5-\u03c4\u03bf\u03bd-\u03c5\u03c0\u03bf\u03c8\u03ae\u03c6\u03b9\u03bf-\u03b2\u03bf\u03c5\u03bb\u03b5\u03c5\u03c4\u03ae-\u03c6\/#primaryimage\"},\"image\":{\"@id\":\"https:\/\/consumerchamps.eu\/el\/\u03c3\u03c5\u03bd\u03ad\u03bd\u03c4\u03b5\u03c5\u03be\u03b7-\u03bc\u03b5-\u03c4\u03bf\u03bd-\u03c5\u03c0\u03bf\u03c8\u03ae\u03c6\u03b9\u03bf-\u03b2\u03bf\u03c5\u03bb\u03b5\u03c5\u03c4\u03ae-\u03c6\/#primaryimage\"},\"thumbnailUrl\":\"https:\/\/consumerchamps.eu\/wp-content\/uploads\/2024\/04\/eu-parliament-blog-image-1.png\",\"datePublished\":\"2024-04-15T11:40:00+00:00\",\"dateModified\":\"2024-04-15T12:11:29+00:00\",\"breadcrumb\":{\"@id\":\"https:\/\/consumerchamps.eu\/el\/\u03c3\u03c5\u03bd\u03ad\u03bd\u03c4\u03b5\u03c5\u03be\u03b7-\u03bc\u03b5-\u03c4\u03bf\u03bd-\u03c5\u03c0\u03bf\u03c8\u03ae\u03c6\u03b9\u03bf-\u03b2\u03bf\u03c5\u03bb\u03b5\u03c5\u03c4\u03ae-\u03c6\/#breadcrumb\"},\"inLanguage\":\"pl-PL\",\"potentialAction\":[{\"@type\":\"ReadAction\",\"target\":[\"https:\/\/consumerchamps.eu\/el\/\u03c3\u03c5\u03bd\u03ad\u03bd\u03c4\u03b5\u03c5\u03be\u03b7-\u03bc\u03b5-\u03c4\u03bf\u03bd-\u03c5\u03c0\u03bf\u03c8\u03ae\u03c6\u03b9\u03bf-\u03b2\u03bf\u03c5\u03bb\u03b5\u03c5\u03c4\u03ae-\u03c6\/\"]}]},{\"@type\":\"ImageObject\",\"inLanguage\":\"pl-PL\",\"@id\":\"https:\/\/consumerchamps.eu\/el\/\u03c3\u03c5\u03bd\u03ad\u03bd\u03c4\u03b5\u03c5\u03be\u03b7-\u03bc\u03b5-\u03c4\u03bf\u03bd-\u03c5\u03c0\u03bf\u03c8\u03ae\u03c6\u03b9\u03bf-\u03b2\u03bf\u03c5\u03bb\u03b5\u03c5\u03c4\u03ae-\u03c6\/#primaryimage\",\"url\":\"https:\/\/consumerchamps.eu\/wp-content\/uploads\/2024\/04\/eu-parliament-blog-image-1.png\",\"contentUrl\":\"https:\/\/consumerchamps.eu\/wp-content\/uploads\/2024\/04\/eu-parliament-blog-image-1.png\",\"width\":940,\"height\":788},{\"@type\":\"BreadcrumbList\",\"@id\":\"https:\/\/consumerchamps.eu\/el\/\u03c3\u03c5\u03bd\u03ad\u03bd\u03c4\u03b5\u03c5\u03be\u03b7-\u03bc\u03b5-\u03c4\u03bf\u03bd-\u03c5\u03c0\u03bf\u03c8\u03ae\u03c6\u03b9\u03bf-\u03b2\u03bf\u03c5\u03bb\u03b5\u03c5\u03c4\u03ae-\u03c6\/#breadcrumb\",\"itemListElement\":[{\"@type\":\"ListItem\",\"position\":1,\"name\":\"Home\",\"item\":\"https:\/\/consumerchamps.eu\/pt\/\"},{\"@type\":\"ListItem\",\"position\":2,\"name\":\"Interview with MEP candidate Philip Johansson\"}]},{\"@type\":\"WebSite\",\"@id\":\"https:\/\/consumerchamps.eu\/pt\/#website\",\"url\":\"https:\/\/consumerchamps.eu\/pt\/\",\"name\":\"Consumer Champs\",\"description\":\"Empowering Voices, Inspiring Change: Where Consumer Champions Shape Tomorrow&#039;s Choices\",\"publisher\":{\"@id\":\"https:\/\/consumerchamps.eu\/pt\/#organization\"},\"potentialAction\":[{\"@type\":\"SearchAction\",\"target\":{\"@type\":\"EntryPoint\",\"urlTemplate\":\"https:\/\/consumerchamps.eu\/pt\/?s={search_term_string}\"},\"query-input\":{\"@type\":\"PropertyValueSpecification\",\"valueRequired\":true,\"valueName\":\"search_term_string\"}}],\"inLanguage\":\"pl-PL\"},{\"@type\":\"Organization\",\"@id\":\"https:\/\/consumerchamps.eu\/pt\/#organization\",\"name\":\"Consumer Champs\",\"url\":\"https:\/\/consumerchamps.eu\/pt\/\",\"logo\":{\"@type\":\"ImageObject\",\"inLanguage\":\"pl-PL\",\"@id\":\"https:\/\/consumerchamps.eu\/pt\/#\/schema\/logo\/image\/\",\"url\":\"https:\/\/consumerchamps.eu\/wp-content\/uploads\/2023\/11\/CC_Logo_Gold.png\",\"contentUrl\":\"https:\/\/consumerchamps.eu\/wp-content\/uploads\/2023\/11\/CC_Logo_Gold.png\",\"width\":199,\"height\":78,\"caption\":\"Consumer Champs\"},\"image\":{\"@id\":\"https:\/\/consumerchamps.eu\/pt\/#\/schema\/logo\/image\/\"}},{\"@type\":\"Person\",\"@id\":\"https:\/\/consumerchamps.eu\/pt\/#\/schema\/person\/abee610907eeed950d696296af1e6ecb\",\"name\":\"consumerchamps\",\"image\":{\"@type\":\"ImageObject\",\"inLanguage\":\"pl-PL\",\"@id\":\"https:\/\/consumerchamps.eu\/pt\/#\/schema\/person\/image\/\",\"url\":\"https:\/\/secure.gravatar.com\/avatar\/60494a730db86c4adb95d91824cf7b3210e83da78c8216541583cf81f8626eb3?s=96&d=mm&r=g\",\"contentUrl\":\"https:\/\/secure.gravatar.com\/avatar\/60494a730db86c4adb95d91824cf7b3210e83da78c8216541583cf81f8626eb3?s=96&d=mm&r=g\",\"caption\":\"consumerchamps\"},\"sameAs\":[\"https:\/\/consumerchamps.wpenginepowered.com\"],\"url\":\"https:\/\/consumerchamps.eu\/pl\/author\/consumerchamps\/\"}]}<\/script>\n<!-- \/ Yoast SEO plugin. -->","yoast_head_json":{"title":"Wywiad z kandydatem na pos\u0142a do Parlamentu Europejskiego Philipem Johanssonem \u2013 Consumer Champs","robots":{"index":"index","follow":"follow","max-snippet":"max-snippet:-1","max-image-preview":"max-image-preview:large","max-video-preview":"max-video-preview:-1"},"canonical":"https:\/\/consumerchamps.eu\/pl\/wywiad-z-kandydatem-na-posla-do-parlamentu-philippem-johanssonem\/","og_locale":"pl_PL","og_type":"article","og_title":"Interview with MEP candidate Philip Johansson - Consumer Champs","og_description":"Our government affairs manager, Zoltan Kesz, interviewed a candidate from Sweden&#8217;s Pirate Party for the European Parliament.&nbsp;The conversation sought to understand their perspectives on the future of Europe, the strategies they recommend for addressing present issues, and their position on important policy issues. What are the biggest challenges the EU is currently facing? &#8220;The biggest &hellip;","og_url":"https:\/\/consumerchamps.eu\/pl\/wywiad-z-kandydatem-na-posla-do-parlamentu-philippem-johanssonem\/","og_site_name":"Consumer Champs","article_published_time":"2024-04-15T11:40:00+00:00","article_modified_time":"2024-04-15T12:11:29+00:00","og_image":[{"width":940,"height":788,"url":"https:\/\/consumerchamps.eu\/wp-content\/uploads\/2024\/04\/eu-parliament-blog-image-1.png","type":"image\/png"}],"author":"consumerchamps","twitter_card":"summary_large_image","twitter_misc":{"Napisane przez":"consumerchamps","Szacowany czas czytania":"9 minut"},"schema":{"@context":"https:\/\/schema.org","@graph":[{"@type":"Article","@id":"https:\/\/consumerchamps.eu\/el\/\u03c3\u03c5\u03bd\u03ad\u03bd\u03c4\u03b5\u03c5\u03be\u03b7-\u03bc\u03b5-\u03c4\u03bf\u03bd-\u03c5\u03c0\u03bf\u03c8\u03ae\u03c6\u03b9\u03bf-\u03b2\u03bf\u03c5\u03bb\u03b5\u03c5\u03c4\u03ae-\u03c6\/#article","isPartOf":{"@id":"https:\/\/consumerchamps.eu\/el\/\u03c3\u03c5\u03bd\u03ad\u03bd\u03c4\u03b5\u03c5\u03be\u03b7-\u03bc\u03b5-\u03c4\u03bf\u03bd-\u03c5\u03c0\u03bf\u03c8\u03ae\u03c6\u03b9\u03bf-\u03b2\u03bf\u03c5\u03bb\u03b5\u03c5\u03c4\u03ae-\u03c6\/"},"author":{"name":"consumerchamps","@id":"https:\/\/consumerchamps.eu\/pt\/#\/schema\/person\/abee610907eeed950d696296af1e6ecb"},"headline":"Interview with MEP candidate Philip Johansson","datePublished":"2024-04-15T11:40:00+00:00","dateModified":"2024-04-15T12:11:29+00:00","mainEntityOfPage":{"@id":"https:\/\/consumerchamps.eu\/el\/\u03c3\u03c5\u03bd\u03ad\u03bd\u03c4\u03b5\u03c5\u03be\u03b7-\u03bc\u03b5-\u03c4\u03bf\u03bd-\u03c5\u03c0\u03bf\u03c8\u03ae\u03c6\u03b9\u03bf-\u03b2\u03bf\u03c5\u03bb\u03b5\u03c5\u03c4\u03ae-\u03c6\/"},"wordCount":1730,"commentCount":0,"publisher":{"@id":"https:\/\/consumerchamps.eu\/pt\/#organization"},"image":{"@id":"https:\/\/consumerchamps.eu\/el\/\u03c3\u03c5\u03bd\u03ad\u03bd\u03c4\u03b5\u03c5\u03be\u03b7-\u03bc\u03b5-\u03c4\u03bf\u03bd-\u03c5\u03c0\u03bf\u03c8\u03ae\u03c6\u03b9\u03bf-\u03b2\u03bf\u03c5\u03bb\u03b5\u03c5\u03c4\u03ae-\u03c6\/#primaryimage"},"thumbnailUrl":"https:\/\/consumerchamps.eu\/wp-content\/uploads\/2024\/04\/eu-parliament-blog-image-1.png","articleSection":["Blog"],"inLanguage":"pl-PL","potentialAction":[{"@type":"CommentAction","name":"Comment","target":["https:\/\/consumerchamps.eu\/el\/\u03c3\u03c5\u03bd\u03ad\u03bd\u03c4\u03b5\u03c5\u03be\u03b7-\u03bc\u03b5-\u03c4\u03bf\u03bd-\u03c5\u03c0\u03bf\u03c8\u03ae\u03c6\u03b9\u03bf-\u03b2\u03bf\u03c5\u03bb\u03b5\u03c5\u03c4\u03ae-\u03c6\/#respond"]}]},{"@type":"WebPage","@id":"https:\/\/consumerchamps.eu\/el\/\u03c3\u03c5\u03bd\u03ad\u03bd\u03c4\u03b5\u03c5\u03be\u03b7-\u03bc\u03b5-\u03c4\u03bf\u03bd-\u03c5\u03c0\u03bf\u03c8\u03ae\u03c6\u03b9\u03bf-\u03b2\u03bf\u03c5\u03bb\u03b5\u03c5\u03c4\u03ae-\u03c6\/","url":"https:\/\/consumerchamps.eu\/el\/\u03c3\u03c5\u03bd\u03ad\u03bd\u03c4\u03b5\u03c5\u03be\u03b7-\u03bc\u03b5-\u03c4\u03bf\u03bd-\u03c5\u03c0\u03bf\u03c8\u03ae\u03c6\u03b9\u03bf-\u03b2\u03bf\u03c5\u03bb\u03b5\u03c5\u03c4\u03ae-\u03c6\/","name":"Wywiad z kandydatem na pos\u0142a do Parlamentu Europejskiego Philipem Johanssonem \u2013 Consumer Champs","isPartOf":{"@id":"https:\/\/consumerchamps.eu\/pt\/#website"},"primaryImageOfPage":{"@id":"https:\/\/consumerchamps.eu\/el\/\u03c3\u03c5\u03bd\u03ad\u03bd\u03c4\u03b5\u03c5\u03be\u03b7-\u03bc\u03b5-\u03c4\u03bf\u03bd-\u03c5\u03c0\u03bf\u03c8\u03ae\u03c6\u03b9\u03bf-\u03b2\u03bf\u03c5\u03bb\u03b5\u03c5\u03c4\u03ae-\u03c6\/#primaryimage"},"image":{"@id":"https:\/\/consumerchamps.eu\/el\/\u03c3\u03c5\u03bd\u03ad\u03bd\u03c4\u03b5\u03c5\u03be\u03b7-\u03bc\u03b5-\u03c4\u03bf\u03bd-\u03c5\u03c0\u03bf\u03c8\u03ae\u03c6\u03b9\u03bf-\u03b2\u03bf\u03c5\u03bb\u03b5\u03c5\u03c4\u03ae-\u03c6\/#primaryimage"},"thumbnailUrl":"https:\/\/consumerchamps.eu\/wp-content\/uploads\/2024\/04\/eu-parliament-blog-image-1.png","datePublished":"2024-04-15T11:40:00+00:00","dateModified":"2024-04-15T12:11:29+00:00","breadcrumb":{"@id":"https:\/\/consumerchamps.eu\/el\/\u03c3\u03c5\u03bd\u03ad\u03bd\u03c4\u03b5\u03c5\u03be\u03b7-\u03bc\u03b5-\u03c4\u03bf\u03bd-\u03c5\u03c0\u03bf\u03c8\u03ae\u03c6\u03b9\u03bf-\u03b2\u03bf\u03c5\u03bb\u03b5\u03c5\u03c4\u03ae-\u03c6\/#breadcrumb"},"inLanguage":"pl-PL","potentialAction":[{"@type":"ReadAction","target":["https:\/\/consumerchamps.eu\/el\/\u03c3\u03c5\u03bd\u03ad\u03bd\u03c4\u03b5\u03c5\u03be\u03b7-\u03bc\u03b5-\u03c4\u03bf\u03bd-\u03c5\u03c0\u03bf\u03c8\u03ae\u03c6\u03b9\u03bf-\u03b2\u03bf\u03c5\u03bb\u03b5\u03c5\u03c4\u03ae-\u03c6\/"]}]},{"@type":"ImageObject","inLanguage":"pl-PL","@id":"https:\/\/consumerchamps.eu\/el\/\u03c3\u03c5\u03bd\u03ad\u03bd\u03c4\u03b5\u03c5\u03be\u03b7-\u03bc\u03b5-\u03c4\u03bf\u03bd-\u03c5\u03c0\u03bf\u03c8\u03ae\u03c6\u03b9\u03bf-\u03b2\u03bf\u03c5\u03bb\u03b5\u03c5\u03c4\u03ae-\u03c6\/#primaryimage","url":"https:\/\/consumerchamps.eu\/wp-content\/uploads\/2024\/04\/eu-parliament-blog-image-1.png","contentUrl":"https:\/\/consumerchamps.eu\/wp-content\/uploads\/2024\/04\/eu-parliament-blog-image-1.png","width":940,"height":788},{"@type":"BreadcrumbList","@id":"https:\/\/consumerchamps.eu\/el\/\u03c3\u03c5\u03bd\u03ad\u03bd\u03c4\u03b5\u03c5\u03be\u03b7-\u03bc\u03b5-\u03c4\u03bf\u03bd-\u03c5\u03c0\u03bf\u03c8\u03ae\u03c6\u03b9\u03bf-\u03b2\u03bf\u03c5\u03bb\u03b5\u03c5\u03c4\u03ae-\u03c6\/#breadcrumb","itemListElement":[{"@type":"ListItem","position":1,"name":"Home","item":"https:\/\/consumerchamps.eu\/pt\/"},{"@type":"ListItem","position":2,"name":"Interview with MEP candidate Philip Johansson"}]},{"@type":"WebSite","@id":"https:\/\/consumerchamps.eu\/pt\/#website","url":"https:\/\/consumerchamps.eu\/pt\/","name":"Consumer Champs","description":"Wzmacniaj\u0105ce g\u0142osy, inspiruj\u0105ce zmiany: gdzie mistrzowie konsumencki kszta\u0142tuj\u0105 jutrzejsze wybory","publisher":{"@id":"https:\/\/consumerchamps.eu\/pt\/#organization"},"potentialAction":[{"@type":"SearchAction","target":{"@type":"EntryPoint","urlTemplate":"https:\/\/consumerchamps.eu\/pt\/?s={search_term_string}"},"query-input":{"@type":"PropertyValueSpecification","valueRequired":true,"valueName":"search_term_string"}}],"inLanguage":"pl-PL"},{"@type":"Organization","@id":"https:\/\/consumerchamps.eu\/pt\/#organization","name":"Consumer Champs","url":"https:\/\/consumerchamps.eu\/pt\/","logo":{"@type":"ImageObject","inLanguage":"pl-PL","@id":"https:\/\/consumerchamps.eu\/pt\/#\/schema\/logo\/image\/","url":"https:\/\/consumerchamps.eu\/wp-content\/uploads\/2023\/11\/CC_Logo_Gold.png","contentUrl":"https:\/\/consumerchamps.eu\/wp-content\/uploads\/2023\/11\/CC_Logo_Gold.png","width":199,"height":78,"caption":"Consumer Champs"},"image":{"@id":"https:\/\/consumerchamps.eu\/pt\/#\/schema\/logo\/image\/"}},{"@type":"Person","@id":"https:\/\/consumerchamps.eu\/pt\/#\/schema\/person\/abee610907eeed950d696296af1e6ecb","name":"konsumpcjoni\u015bci","image":{"@type":"ImageObject","inLanguage":"pl-PL","@id":"https:\/\/consumerchamps.eu\/pt\/#\/schema\/person\/image\/","url":"https:\/\/secure.gravatar.com\/avatar\/60494a730db86c4adb95d91824cf7b3210e83da78c8216541583cf81f8626eb3?s=96&d=mm&r=g","contentUrl":"https:\/\/secure.gravatar.com\/avatar\/60494a730db86c4adb95d91824cf7b3210e83da78c8216541583cf81f8626eb3?s=96&d=mm&r=g","caption":"consumerchamps"},"sameAs":["https:\/\/consumerchamps.wpenginepowered.com"],"url":"https:\/\/consumerchamps.eu\/pl\/author\/consumerchamps\/"}]}},"featured_image_src":"https:\/\/consumerchamps.eu\/wp-content\/uploads\/2024\/04\/eu-parliament-blog-image-1-600x400.png","featured_image_src_square":"https:\/\/consumerchamps.eu\/wp-content\/uploads\/2024\/04\/eu-parliament-blog-image-1-600x600.png","author_info":{"display_name":"consumerchamps","author_link":"https:\/\/consumerchamps.eu\/pl\/author\/consumerchamps\/"},"_links":{"self":[{"href":"https:\/\/consumerchamps.eu\/pl\/wp-json\/wp\/v2\/posts\/932","targetHints":{"allow":["GET"]}}],"collection":[{"href":"https:\/\/consumerchamps.eu\/pl\/wp-json\/wp\/v2\/posts"}],"about":[{"href":"https:\/\/consumerchamps.eu\/pl\/wp-json\/wp\/v2\/types\/post"}],"author":[{"embeddable":true,"href":"https:\/\/consumerchamps.eu\/pl\/wp-json\/wp\/v2\/users\/1"}],"replies":[{"embeddable":true,"href":"https:\/\/consumerchamps.eu\/pl\/wp-json\/wp\/v2\/comments?post=932"}],"version-history":[{"count":0,"href":"https:\/\/consumerchamps.eu\/pl\/wp-json\/wp\/v2\/posts\/932\/revisions"}],"wp:featuredmedia":[{"embeddable":true,"href":"https:\/\/consumerchamps.eu\/pl\/wp-json\/wp\/v2\/media\/933"}],"wp:attachment":[{"href":"https:\/\/consumerchamps.eu\/pl\/wp-json\/wp\/v2\/media?parent=932"}],"wp:term":[{"taxonomy":"category","embeddable":true,"href":"https:\/\/consumerchamps.eu\/pl\/wp-json\/wp\/v2\/categories?post=932"},{"taxonomy":"post_tag","embeddable":true,"href":"https:\/\/consumerchamps.eu\/pl\/wp-json\/wp\/v2\/tags?post=932"}],"curies":[{"name":"wp","href":"https:\/\/api.w.org\/{rel}","templated":true}]}}