{"id":1305,"date":"2024-06-07T09:55:37","date_gmt":"2024-06-07T09:55:37","guid":{"rendered":"https:\/\/consumerchamps.eu\/?p=1305"},"modified":"2024-06-07T09:56:49","modified_gmt":"2024-06-07T09:56:49","slug":"intervju-med-ledamotskandidaten-antonio-amaral","status":"publish","type":"post","link":"https:\/\/consumerchamps.eu\/sv\/intervju-med-ledamotskandidaten-antonio-amaral\/","title":{"rendered":"Intervju med MEP-kandidaten Antonio Amaral"},"content":{"rendered":"<p><em><strong>V\u00e5r regeringschef, Zoltan Kesz, intervjuade en kandidat fr\u00e5n The Liberal Initiative f\u00f6r Europaparlamentet.\u00a0<\/strong><\/em><strong><em>Samtalet f\u00f6rs\u00f6kte f\u00f6rst\u00e5 deras perspektiv p\u00e5 Europas framtid, de strategier de rekommenderar f\u00f6r att hantera nuvarande fr\u00e5gor och deras st\u00e5ndpunkt i viktiga politiska fr\u00e5gor.<\/em><\/strong><\/p>\n\n\n\n<p><strong>&nbsp;Vilka \u00e4r de st\u00f6rsta utmaningarna som EU f\u00f6r n\u00e4rvarande st\u00e5r inf\u00f6r?<\/strong><\/p>\n\n\n\n<p>&#8220;<em>V\u00e5rt fr\u00e4msta m\u00e5l b\u00f6r vara att uppr\u00e4tth\u00e5lla de europeiska v\u00e4rderingarna demokrati, frihet, s\u00e4kerhet, socialt skydd och h\u00e5llbarhet, b\u00e5de nu och i framtiden, f\u00f6r europ\u00e9er.<\/em><\/p>\n\n\n\n<p><em>Vi st\u00e4lls inf\u00f6r omedelbara kriser, som t.ex <strong>Rysslands krig mot Ukraina<\/strong>. Vi st\u00e5r fast med det ukrainska folket. Dessutom st\u00e5r vi inf\u00f6r strategiska utmaningar, inklusive behovet av att undvika beroende av tyranniska regimer f\u00f6r <strong>energi, mat och teknik<\/strong>. F\u00f6r detta \u00e4ndam\u00e5l f\u00f6respr\u00e5kar vi diversifiering av leverant\u00f6rer genom fria marknader, internationell handel och utvecklingssamarbete.<\/em><\/p>\n\n\n\n<p><em>Men de viktigaste utmaningarna vi st\u00e5r inf\u00f6r kan vara mindre uppenbara. De <strong>levnadskostnadskris<\/strong> skulle kunna intensifieras, s\u00e4rskilt som \u00e5terh\u00e4mtningsplaner m\u00e5ste betalas tillbaka, vilket potentiellt kan underbl\u00e5sa st\u00f6rre populism. <strong>Demografiska trender<\/strong> kan allvarligt p\u00e5verka v\u00e5ra ekonomier och v\u00e4lf\u00e4rdsstater. Dessutom f\u00f6rlorar vi <strong>konkurrenskraft <\/strong>p\u00e5 globala marknader, vilket minskar v\u00e5r f\u00f6rm\u00e5ga att generera resurser och l\u00f6sningar f\u00f6r andra angel\u00e4gna fr\u00e5gor, s\u00e5som <strong>teknik- och energiomst\u00e4llning<\/strong>.<\/em><\/p>\n\n\n\n<p><strong>Vilken \u00e4r din vision om Europa under det kommande decenniet?<\/strong><\/p>\n\n\n\n<p><em>Vi \u00e4r \u00f6vertygade om att Europa borde <strong>leda v\u00e4rlden inom innovation<\/strong>. F\u00f6r att uppn\u00e5 detta m\u00e5ste vi minimera byr\u00e5kratin, fullborda den gemensamma marknaden och frig\u00f6ra den kreativa potentialen hos 450 miljoner europ\u00e9er. Denna vision str\u00e4cker sig bortom ekonomisk tillv\u00e4xt; det handlar om att s\u00e4kerst\u00e4lla robusta sociala system och skapa en mer h\u00e5llbar kontinent. Det handlar om att odla <strong>ett samh\u00e4lle med m\u00f6jligheter och m\u00f6jligheter f\u00f6r alla<\/strong>.<\/em>&#8220;<\/p>\n\n\n\n<p><strong>Hur ser du p\u00e5 AI:s roll i den n\u00e4rmaste framtiden? Vad tycker du om att reglera det?<\/strong><\/p>\n\n\n\n<p>&#8220;<em>Vi inser den enorma potentialen hos AI, tillsammans med riskerna med att det missbrukas f\u00f6r att urholka v\u00e5ra friheter och r\u00e4ttigheter som individer och medborgare i demokratiska, \u00f6ppna samh\u00e4llen med fri marknad. Samtidigt som vi omfamnar f\u00f6r\u00e4ndring f\u00e5r vi inte inleda dystopier d\u00e4r m\u00e4nniskor \u00e4r befriade fr\u00e5n r\u00f6str\u00e4tt. Och vi borde inte ha inbilskhet att mikrohantera framsteg. Reglering b\u00f6r best\u00e4mt skydda friheter och r\u00e4ttigheter, fastst\u00e4lla etiska gr\u00e4nser, klarg\u00f6ra r\u00e4ttvisa regler f\u00f6r engagemang och \u00e4nd\u00e5 f\u00f6rbli tillr\u00e4ckligt flexibel f\u00f6r att l\u00e5ta innovation blomstra.<\/em>&#8220;<\/p>\n\n\n\n<p><strong>Hur drar Europa nytta av frihandelsavtal?<\/strong><\/p>\n\n\n\n<p>&#8220;<em>Frihandel \u00e4r avg\u00f6rande f\u00f6r att h\u00f6ja allas livskvalitet. Frihandel handlar om \u00f6msesidigt f\u00f6rdelaktigt ekonomiskt \u00f6msesidigt beroende, att fr\u00e4mja samarbete och utveckling och att f\u00f6rena folk och nationer i fred \u2013 frihandel gynnar alla parter. Europa drar stor nytta av att producera varor och tj\u00e4nster som andra regioner ivrigt byter ut f\u00f6r sin egen produktion, vilket \u00f6kar den globala ekonomiska produktionen, skapar nya resurser och skapar m\u00f6jligheter f\u00f6r m\u00e4nniskorna.<\/em><\/p>\n\n\n\n<p><em>Frihandelsavtal \u00e4r till sin natur politiska. Vissa har lutat sig kraftigt \u00e5t &quot;hanterad handel&quot;, ett syns\u00e4tt som vi inte st\u00f6der. Frihandelsavtal b\u00f6r prioritera borttagandet av hinder f\u00f6r internationell handel och att l\u00e5ta m\u00e4nniskor utnyttja sin ekonomiska frihet p\u00e5 ett bra s\u00e4tt.<\/em>&#8220;<\/p>\n\n\n\n<p><strong>M\u00e5nga politiker pratar om energidiversifiering. Vilken \u00e4r den idealiska l\u00f6sningen enligt dig?<\/strong><\/p>\n\n\n\n<p>&#8220;<em>Diversifiering av energik\u00e4llor \u00e4r inte bara en teknisk n\u00f6dv\u00e4ndighet, det \u00e4r ett geopolitiskt imperativ. Vi kan helt enkelt inte h\u00e5llas som gisslan av regimer som \u00e4r \u00f6ppet fientliga mot den liberala demokratins principer. Vi f\u00f6respr\u00e5kar l\u00e4gre skatter p\u00e5 energi, principen om teknikneutralitet n\u00e4r det g\u00e4ller regeringens syn p\u00e5 energiproduktion, ett mer sammankopplat europeiskt energin\u00e4t, en konkurrenskraftig gemensam marknad baserad p\u00e5 \u00f6ppen fri marknadskonkurrens.<\/em>&#8220;<\/p>\n\n\n\n<p><strong>&nbsp;Vilken f\u00f6redrar du och varf\u00f6r? Innovation vs reglering?<\/strong><\/p>\n\n\n\n<p>&#8220;<em>Vi tror att innovation \u00e4r v\u00e4gen till ett mer konkurrenskraftigt Europa, som fr\u00e4mjar st\u00f6rre v\u00e4lst\u00e5nd, m\u00f6jligheter och en f\u00f6rb\u00e4ttrad livskvalitet. Som h\u00e4ngivna f\u00f6respr\u00e5kare f\u00f6r den fria marknaden inser vi att brist p\u00e5 regler kan leda till en tragedi f\u00f6r allm\u00e4nningen. Reglering b\u00f6r skydda friheter, r\u00e4ttigheter och legitima sociala angel\u00e4genheter \u2013 ta itu med negativa externa effekter som f\u00f6roreningar \u2013 samtidigt som den till\u00e5ter konkurrenskraftig \u00f6ppen marknadsinnovation att frodas. Det b\u00f6r s\u00e4kerst\u00e4lla en snabb, fast och r\u00e4ttvis bed\u00f6mning n\u00e4r gr\u00e4nser \u00f6verskrids. Vi st\u00f6der f\u00f6rnuftig reglering \u2013 inte byr\u00e5krati, bemyndigande av sm\u00e5befogenheter, storskalig dirigism eller hindrande av framsteg. Vi f\u00f6rest\u00e4ller oss ett samh\u00e4lle d\u00e4r individer inte beh\u00f6ver tillst\u00e5nd f\u00f6r att fredligt och produktivt kunna fullf\u00f6lja sitt syfte i livet. D\u00e4rf\u00f6r anser vi att politisk makt har en plikt att f\u00f6renkla m\u00e4nniskors liv.<\/em>&#8220;<\/p>\n\n\n\n<p><strong>Vad \u00e4r dina v\u00e4ljare bekymrade \u00f6ver n\u00e4r det g\u00e4ller Europeiska unionen?<\/strong><\/p>\n\n\n\n<p>&#8220;<em>Det portugisiska folket \u00e4r i f\u00f6rsta hand bekymrat \u00f6ver nationella fr\u00e5gor som levnadskostnader, boende och h\u00e4lsov\u00e5rd, och projicerar ofta dessa farh\u00e5gor p\u00e5 Europeiska unionen. I fr\u00e5gor som ligger n\u00e4rmare EU:s befogenheter, som att reagera p\u00e5 kriget i Ukraina, h\u00e5llbarhet och utvecklingsfonder, g\u00e5r \u00e5sikterna is\u00e4r. Vissa portugisiska fraktioner f\u00f6respr\u00e5kar populistiska \u00e5tg\u00e4rder, som att st\u00f6ra ECB, genomf\u00f6ra omfattande v\u00e4lf\u00e4rdsprogram i hela Europa och anta str\u00e4nga migrantpolitik. D\u00e4remot prioriterar liberala v\u00e4ljare att minska europeisk byr\u00e5krati (f\u00f6rv\u00e4rras av inhemsk guldpl\u00e4tering), att omv\u00e4rdera medel f\u00f6r att fr\u00e4mja reformer och ekonomisk autonomi snarare \u00e4n beroende och att f\u00f6rb\u00e4ttra Europas globala konkurrenskraft.<\/em>&#8220;<\/p>\n\n\n\n<p><strong>Tycker du att det \u00e4r klokt att acceptera fler l\u00e4nder i unionen?<\/strong><\/p>\n\n\n\n<p>&#8220;<em>Vi anser att det \u00e4r en etisk skyldighet f\u00f6r Europeiska unionen att v\u00e4lkomna de l\u00e4nder som har lyckats leva upp till uppstigningskraven \u2013 s\u00e4rskilt respekt f\u00f6r m\u00e4nskliga r\u00e4ttigheter, demokratiska institutioner, fria marknader \u2013 och som vill forts\u00e4tta p\u00e5 den v\u00e4gen.<\/em>&#8220;<\/p>","protected":false},"excerpt":{"rendered":"<p>V\u00e5r regeringschef, Zoltan Kesz, intervjuade en kandidat fr\u00e5n The Liberal Initiative f\u00f6r Europaparlamentet. Samtalet f\u00f6rs\u00f6kte f\u00f6rst\u00e5 deras perspektiv p\u00e5 Europas framtid, de strategier de rekommenderar f\u00f6r att ta itu med nuvarande fr\u00e5gor och deras st\u00e5ndpunkt i viktiga politiska fr\u00e5gor.  Vilka \u00e4r de st\u00f6rsta utmaningarna som EU f\u00f6r n\u00e4rvarande st\u00e5r inf\u00f6r? &quot;V\u00e5r huvudsakliga...<\/p>","protected":false},"author":1,"featured_media":923,"comment_status":"open","ping_status":"open","sticky":false,"template":"","format":"standard","meta":{"_acf_changed":false,"_genesis_block_theme_hide_title":false,"footnotes":""},"categories":[7],"tags":[],"class_list":{"0":"post-1305","1":"post","2":"type-post","3":"status-publish","4":"format-standard","5":"has-post-thumbnail","6":"hentry","7":"category-blog","9":"with-featured-image"},"acf":[],"yoast_head":"<!-- This site is optimized with the Yoast SEO plugin v25.8 - https:\/\/yoast.com\/wordpress\/plugins\/seo\/ -->\n<title>Interview with MEP candidate Antonio Amaral - Consumer Champs<\/title>\n<meta name=\"robots\" content=\"index, follow, max-snippet:-1, max-image-preview:large, max-video-preview:-1\" \/>\n<link rel=\"canonical\" href=\"https:\/\/consumerchamps.eu\/sv\/intervju-med-ledamotskandidaten-antonio-amaral\/\" \/>\n<meta property=\"og:locale\" content=\"sv_SE\" \/>\n<meta property=\"og:type\" content=\"article\" \/>\n<meta property=\"og:title\" content=\"Interview with MEP candidate Antonio Amaral - Consumer Champs\" \/>\n<meta property=\"og:description\" content=\"Our government affairs manager, Zoltan Kesz, interviewed a candidate from The Liberal Initiative for the European Parliament.\u00a0The conversation sought to understand their perspectives on the future of Europe, the strategies they recommend for addressing present issues, and their position on important policy issues. &nbsp;What are the biggest challenges the EU is currently facing? &#8220;Our main &hellip;\" \/>\n<meta property=\"og:url\" content=\"https:\/\/consumerchamps.eu\/sv\/intervju-med-ledamotskandidaten-antonio-amaral\/\" \/>\n<meta property=\"og:site_name\" content=\"Consumer Champs\" \/>\n<meta property=\"article:published_time\" content=\"2024-06-07T09:55:37+00:00\" \/>\n<meta property=\"article:modified_time\" content=\"2024-06-07T09:56:49+00:00\" \/>\n<meta property=\"og:image\" content=\"https:\/\/consumerchamps.eu\/wp-content\/uploads\/2024\/04\/eu-parliament-blog-image.png\" \/>\n\t<meta property=\"og:image:width\" content=\"940\" \/>\n\t<meta property=\"og:image:height\" content=\"788\" \/>\n\t<meta property=\"og:image:type\" content=\"image\/png\" \/>\n<meta name=\"author\" content=\"consumerchamps\" \/>\n<meta name=\"twitter:card\" content=\"summary_large_image\" \/>\n<meta name=\"twitter:label1\" content=\"Skriven av\" \/>\n\t<meta name=\"twitter:data1\" content=\"consumerchamps\" \/>\n\t<meta name=\"twitter:label2\" content=\"Ber\u00e4knad l\u00e4stid\" \/>\n\t<meta name=\"twitter:data2\" content=\"4 minuter\" \/>\n<script type=\"application\/ld+json\" class=\"yoast-schema-graph\">{\"@context\":\"https:\/\/schema.org\",\"@graph\":[{\"@type\":\"Article\",\"@id\":\"https:\/\/consumerchamps.eu\/interview-with-mep-candidate-antonio-amaral\/#article\",\"isPartOf\":{\"@id\":\"https:\/\/consumerchamps.eu\/interview-with-mep-candidate-antonio-amaral\/\"},\"author\":{\"name\":\"consumerchamps\",\"@id\":\"https:\/\/consumerchamps.eu\/pt\/#\/schema\/person\/abee610907eeed950d696296af1e6ecb\"},\"headline\":\"Interview with MEP candidate Antonio Amaral\",\"datePublished\":\"2024-06-07T09:55:37+00:00\",\"dateModified\":\"2024-06-07T09:56:49+00:00\",\"mainEntityOfPage\":{\"@id\":\"https:\/\/consumerchamps.eu\/interview-with-mep-candidate-antonio-amaral\/\"},\"wordCount\":874,\"commentCount\":0,\"publisher\":{\"@id\":\"https:\/\/consumerchamps.eu\/pt\/#organization\"},\"image\":{\"@id\":\"https:\/\/consumerchamps.eu\/interview-with-mep-candidate-antonio-amaral\/#primaryimage\"},\"thumbnailUrl\":\"https:\/\/consumerchamps.eu\/wp-content\/uploads\/2024\/04\/eu-parliament-blog-image.png\",\"articleSection\":[\"Blog\"],\"inLanguage\":\"sv-SE\",\"potentialAction\":[{\"@type\":\"CommentAction\",\"name\":\"Comment\",\"target\":[\"https:\/\/consumerchamps.eu\/interview-with-mep-candidate-antonio-amaral\/#respond\"]}]},{\"@type\":\"WebPage\",\"@id\":\"https:\/\/consumerchamps.eu\/interview-with-mep-candidate-antonio-amaral\/\",\"url\":\"https:\/\/consumerchamps.eu\/interview-with-mep-candidate-antonio-amaral\/\",\"name\":\"Interview with MEP candidate Antonio Amaral - Consumer Champs\",\"isPartOf\":{\"@id\":\"https:\/\/consumerchamps.eu\/pt\/#website\"},\"primaryImageOfPage\":{\"@id\":\"https:\/\/consumerchamps.eu\/interview-with-mep-candidate-antonio-amaral\/#primaryimage\"},\"image\":{\"@id\":\"https:\/\/consumerchamps.eu\/interview-with-mep-candidate-antonio-amaral\/#primaryimage\"},\"thumbnailUrl\":\"https:\/\/consumerchamps.eu\/wp-content\/uploads\/2024\/04\/eu-parliament-blog-image.png\",\"datePublished\":\"2024-06-07T09:55:37+00:00\",\"dateModified\":\"2024-06-07T09:56:49+00:00\",\"breadcrumb\":{\"@id\":\"https:\/\/consumerchamps.eu\/interview-with-mep-candidate-antonio-amaral\/#breadcrumb\"},\"inLanguage\":\"sv-SE\",\"potentialAction\":[{\"@type\":\"ReadAction\",\"target\":[\"https:\/\/consumerchamps.eu\/interview-with-mep-candidate-antonio-amaral\/\"]}]},{\"@type\":\"ImageObject\",\"inLanguage\":\"sv-SE\",\"@id\":\"https:\/\/consumerchamps.eu\/interview-with-mep-candidate-antonio-amaral\/#primaryimage\",\"url\":\"https:\/\/consumerchamps.eu\/wp-content\/uploads\/2024\/04\/eu-parliament-blog-image.png\",\"contentUrl\":\"https:\/\/consumerchamps.eu\/wp-content\/uploads\/2024\/04\/eu-parliament-blog-image.png\",\"width\":940,\"height\":788},{\"@type\":\"BreadcrumbList\",\"@id\":\"https:\/\/consumerchamps.eu\/interview-with-mep-candidate-antonio-amaral\/#breadcrumb\",\"itemListElement\":[{\"@type\":\"ListItem\",\"position\":1,\"name\":\"Home\",\"item\":\"https:\/\/consumerchamps.eu\/pt\/\"},{\"@type\":\"ListItem\",\"position\":2,\"name\":\"Interview with MEP candidate Antonio Amaral\"}]},{\"@type\":\"WebSite\",\"@id\":\"https:\/\/consumerchamps.eu\/pt\/#website\",\"url\":\"https:\/\/consumerchamps.eu\/pt\/\",\"name\":\"Consumer Champs\",\"description\":\"Empowering Voices, Inspiring Change: Where Consumer Champions Shape Tomorrow&#039;s Choices\",\"publisher\":{\"@id\":\"https:\/\/consumerchamps.eu\/pt\/#organization\"},\"potentialAction\":[{\"@type\":\"SearchAction\",\"target\":{\"@type\":\"EntryPoint\",\"urlTemplate\":\"https:\/\/consumerchamps.eu\/pt\/?s={search_term_string}\"},\"query-input\":{\"@type\":\"PropertyValueSpecification\",\"valueRequired\":true,\"valueName\":\"search_term_string\"}}],\"inLanguage\":\"sv-SE\"},{\"@type\":\"Organization\",\"@id\":\"https:\/\/consumerchamps.eu\/pt\/#organization\",\"name\":\"Consumer Champs\",\"url\":\"https:\/\/consumerchamps.eu\/pt\/\",\"logo\":{\"@type\":\"ImageObject\",\"inLanguage\":\"sv-SE\",\"@id\":\"https:\/\/consumerchamps.eu\/pt\/#\/schema\/logo\/image\/\",\"url\":\"https:\/\/consumerchamps.eu\/wp-content\/uploads\/2023\/11\/CC_Logo_Gold.png\",\"contentUrl\":\"https:\/\/consumerchamps.eu\/wp-content\/uploads\/2023\/11\/CC_Logo_Gold.png\",\"width\":199,\"height\":78,\"caption\":\"Consumer Champs\"},\"image\":{\"@id\":\"https:\/\/consumerchamps.eu\/pt\/#\/schema\/logo\/image\/\"}},{\"@type\":\"Person\",\"@id\":\"https:\/\/consumerchamps.eu\/pt\/#\/schema\/person\/abee610907eeed950d696296af1e6ecb\",\"name\":\"consumerchamps\",\"image\":{\"@type\":\"ImageObject\",\"inLanguage\":\"sv-SE\",\"@id\":\"https:\/\/consumerchamps.eu\/pt\/#\/schema\/person\/image\/\",\"url\":\"https:\/\/secure.gravatar.com\/avatar\/60494a730db86c4adb95d91824cf7b3210e83da78c8216541583cf81f8626eb3?s=96&d=mm&r=g\",\"contentUrl\":\"https:\/\/secure.gravatar.com\/avatar\/60494a730db86c4adb95d91824cf7b3210e83da78c8216541583cf81f8626eb3?s=96&d=mm&r=g\",\"caption\":\"consumerchamps\"},\"sameAs\":[\"https:\/\/consumerchamps.wpenginepowered.com\"],\"url\":\"https:\/\/consumerchamps.eu\/sv\/author\/consumerchamps\/\"}]}<\/script>\n<!-- \/ Yoast SEO plugin. -->","yoast_head_json":{"title":"Intervju med MEP-kandidat Antonio Amaral - Consumer Champs","robots":{"index":"index","follow":"follow","max-snippet":"max-snippet:-1","max-image-preview":"max-image-preview:large","max-video-preview":"max-video-preview:-1"},"canonical":"https:\/\/consumerchamps.eu\/sv\/intervju-med-ledamotskandidaten-antonio-amaral\/","og_locale":"sv_SE","og_type":"article","og_title":"Interview with MEP candidate Antonio Amaral - Consumer Champs","og_description":"Our government affairs manager, Zoltan Kesz, interviewed a candidate from The Liberal Initiative for the European Parliament.\u00a0The conversation sought to understand their perspectives on the future of Europe, the strategies they recommend for addressing present issues, and their position on important policy issues. &nbsp;What are the biggest challenges the EU is currently facing? &#8220;Our main &hellip;","og_url":"https:\/\/consumerchamps.eu\/sv\/intervju-med-ledamotskandidaten-antonio-amaral\/","og_site_name":"Consumer Champs","article_published_time":"2024-06-07T09:55:37+00:00","article_modified_time":"2024-06-07T09:56:49+00:00","og_image":[{"width":940,"height":788,"url":"https:\/\/consumerchamps.eu\/wp-content\/uploads\/2024\/04\/eu-parliament-blog-image.png","type":"image\/png"}],"author":"consumerchamps","twitter_card":"summary_large_image","twitter_misc":{"Skriven av":"consumerchamps","Ber\u00e4knad l\u00e4stid":"4 minuter"},"schema":{"@context":"https:\/\/schema.org","@graph":[{"@type":"Article","@id":"https:\/\/consumerchamps.eu\/interview-with-mep-candidate-antonio-amaral\/#article","isPartOf":{"@id":"https:\/\/consumerchamps.eu\/interview-with-mep-candidate-antonio-amaral\/"},"author":{"name":"consumerchamps","@id":"https:\/\/consumerchamps.eu\/pt\/#\/schema\/person\/abee610907eeed950d696296af1e6ecb"},"headline":"Interview with MEP candidate Antonio Amaral","datePublished":"2024-06-07T09:55:37+00:00","dateModified":"2024-06-07T09:56:49+00:00","mainEntityOfPage":{"@id":"https:\/\/consumerchamps.eu\/interview-with-mep-candidate-antonio-amaral\/"},"wordCount":874,"commentCount":0,"publisher":{"@id":"https:\/\/consumerchamps.eu\/pt\/#organization"},"image":{"@id":"https:\/\/consumerchamps.eu\/interview-with-mep-candidate-antonio-amaral\/#primaryimage"},"thumbnailUrl":"https:\/\/consumerchamps.eu\/wp-content\/uploads\/2024\/04\/eu-parliament-blog-image.png","articleSection":["Blog"],"inLanguage":"sv-SE","potentialAction":[{"@type":"CommentAction","name":"Comment","target":["https:\/\/consumerchamps.eu\/interview-with-mep-candidate-antonio-amaral\/#respond"]}]},{"@type":"WebPage","@id":"https:\/\/consumerchamps.eu\/interview-with-mep-candidate-antonio-amaral\/","url":"https:\/\/consumerchamps.eu\/interview-with-mep-candidate-antonio-amaral\/","name":"Intervju med MEP-kandidat Antonio Amaral - Consumer Champs","isPartOf":{"@id":"https:\/\/consumerchamps.eu\/pt\/#website"},"primaryImageOfPage":{"@id":"https:\/\/consumerchamps.eu\/interview-with-mep-candidate-antonio-amaral\/#primaryimage"},"image":{"@id":"https:\/\/consumerchamps.eu\/interview-with-mep-candidate-antonio-amaral\/#primaryimage"},"thumbnailUrl":"https:\/\/consumerchamps.eu\/wp-content\/uploads\/2024\/04\/eu-parliament-blog-image.png","datePublished":"2024-06-07T09:55:37+00:00","dateModified":"2024-06-07T09:56:49+00:00","breadcrumb":{"@id":"https:\/\/consumerchamps.eu\/interview-with-mep-candidate-antonio-amaral\/#breadcrumb"},"inLanguage":"sv-SE","potentialAction":[{"@type":"ReadAction","target":["https:\/\/consumerchamps.eu\/interview-with-mep-candidate-antonio-amaral\/"]}]},{"@type":"ImageObject","inLanguage":"sv-SE","@id":"https:\/\/consumerchamps.eu\/interview-with-mep-candidate-antonio-amaral\/#primaryimage","url":"https:\/\/consumerchamps.eu\/wp-content\/uploads\/2024\/04\/eu-parliament-blog-image.png","contentUrl":"https:\/\/consumerchamps.eu\/wp-content\/uploads\/2024\/04\/eu-parliament-blog-image.png","width":940,"height":788},{"@type":"BreadcrumbList","@id":"https:\/\/consumerchamps.eu\/interview-with-mep-candidate-antonio-amaral\/#breadcrumb","itemListElement":[{"@type":"ListItem","position":1,"name":"Home","item":"https:\/\/consumerchamps.eu\/pt\/"},{"@type":"ListItem","position":2,"name":"Interview with MEP candidate Antonio Amaral"}]},{"@type":"WebSite","@id":"https:\/\/consumerchamps.eu\/pt\/#website","url":"https:\/\/consumerchamps.eu\/pt\/","name":"Consumer Champs","description":"Bemyndigande r\u00f6ster, inspirerande f\u00f6r\u00e4ndring: d\u00e4r konsumentm\u00e4stare formar morgondagens val","publisher":{"@id":"https:\/\/consumerchamps.eu\/pt\/#organization"},"potentialAction":[{"@type":"SearchAction","target":{"@type":"EntryPoint","urlTemplate":"https:\/\/consumerchamps.eu\/pt\/?s={search_term_string}"},"query-input":{"@type":"PropertyValueSpecification","valueRequired":true,"valueName":"search_term_string"}}],"inLanguage":"sv-SE"},{"@type":"Organization","@id":"https:\/\/consumerchamps.eu\/pt\/#organization","name":"Consumer Champs","url":"https:\/\/consumerchamps.eu\/pt\/","logo":{"@type":"ImageObject","inLanguage":"sv-SE","@id":"https:\/\/consumerchamps.eu\/pt\/#\/schema\/logo\/image\/","url":"https:\/\/consumerchamps.eu\/wp-content\/uploads\/2023\/11\/CC_Logo_Gold.png","contentUrl":"https:\/\/consumerchamps.eu\/wp-content\/uploads\/2023\/11\/CC_Logo_Gold.png","width":199,"height":78,"caption":"Consumer Champs"},"image":{"@id":"https:\/\/consumerchamps.eu\/pt\/#\/schema\/logo\/image\/"}},{"@type":"Person","@id":"https:\/\/consumerchamps.eu\/pt\/#\/schema\/person\/abee610907eeed950d696296af1e6ecb","name":"consumerchamps","image":{"@type":"ImageObject","inLanguage":"sv-SE","@id":"https:\/\/consumerchamps.eu\/pt\/#\/schema\/person\/image\/","url":"https:\/\/secure.gravatar.com\/avatar\/60494a730db86c4adb95d91824cf7b3210e83da78c8216541583cf81f8626eb3?s=96&d=mm&r=g","contentUrl":"https:\/\/secure.gravatar.com\/avatar\/60494a730db86c4adb95d91824cf7b3210e83da78c8216541583cf81f8626eb3?s=96&d=mm&r=g","caption":"consumerchamps"},"sameAs":["https:\/\/consumerchamps.wpenginepowered.com"],"url":"https:\/\/consumerchamps.eu\/sv\/author\/consumerchamps\/"}]}},"featured_image_src":"https:\/\/consumerchamps.eu\/wp-content\/uploads\/2024\/04\/eu-parliament-blog-image-600x400.png","featured_image_src_square":"https:\/\/consumerchamps.eu\/wp-content\/uploads\/2024\/04\/eu-parliament-blog-image-600x600.png","author_info":{"display_name":"consumerchamps","author_link":"https:\/\/consumerchamps.eu\/sv\/author\/consumerchamps\/"},"_links":{"self":[{"href":"https:\/\/consumerchamps.eu\/sv\/wp-json\/wp\/v2\/posts\/1305","targetHints":{"allow":["GET"]}}],"collection":[{"href":"https:\/\/consumerchamps.eu\/sv\/wp-json\/wp\/v2\/posts"}],"about":[{"href":"https:\/\/consumerchamps.eu\/sv\/wp-json\/wp\/v2\/types\/post"}],"author":[{"embeddable":true,"href":"https:\/\/consumerchamps.eu\/sv\/wp-json\/wp\/v2\/users\/1"}],"replies":[{"embeddable":true,"href":"https:\/\/consumerchamps.eu\/sv\/wp-json\/wp\/v2\/comments?post=1305"}],"version-history":[{"count":0,"href":"https:\/\/consumerchamps.eu\/sv\/wp-json\/wp\/v2\/posts\/1305\/revisions"}],"wp:featuredmedia":[{"embeddable":true,"href":"https:\/\/consumerchamps.eu\/sv\/wp-json\/wp\/v2\/media\/923"}],"wp:attachment":[{"href":"https:\/\/consumerchamps.eu\/sv\/wp-json\/wp\/v2\/media?parent=1305"}],"wp:term":[{"taxonomy":"category","embeddable":true,"href":"https:\/\/consumerchamps.eu\/sv\/wp-json\/wp\/v2\/categories?post=1305"},{"taxonomy":"post_tag","embeddable":true,"href":"https:\/\/consumerchamps.eu\/sv\/wp-json\/wp\/v2\/tags?post=1305"}],"curies":[{"name":"wp","href":"https:\/\/api.w.org\/{rel}","templated":true}]}}