{"id":846,"date":"2024-03-25T12:14:23","date_gmt":"2024-03-25T12:14:23","guid":{"rendered":"https:\/\/consumerchamps.eu\/?p=846"},"modified":"2024-03-25T12:16:59","modified_gmt":"2024-03-25T12:16:59","slug":"intervju-med-ledamotskandidaten-artur-trus","status":"publish","type":"post","link":"https:\/\/consumerchamps.eu\/sv\/intervju-med-ledamotskandidaten-artur-trus\/","title":{"rendered":"Intervju med MEP-kandidaten Artur Tru\u0161"},"content":{"rendered":"<p><strong><em>V\u00e5r regeringschef, Zoltan Kesz, intervjuade nyligen en MEP-kandidat fr\u00e5n Liberal&#039;s Movement (Litauen) f\u00f6r att f\u00f6rst\u00e5 deras perspektiv p\u00e5 Europas framtid, de strategier de rekommenderar f\u00f6r att m\u00f6ta nuvarande utmaningar och deras \u00e5sikter om avg\u00f6rande politiska fr\u00e5gor.<\/em><\/strong><\/p>\n\n\n\n<p><strong>Vilka \u00e4r de st\u00f6rsta utmaningarna som EU f\u00f6r n\u00e4rvarande st\u00e5r inf\u00f6r?<\/strong><\/p>\n\n\n\n<p><em>\u201dKonsolidering och enighet. Vissa stater g\u00e5r tillbaka f\u00f6r mycket till nationella intressen, vissa populistiska metoder f\u00f6r att \u00e5terst\u00e4lla gr\u00e4nser etc. Detta \u00e4r en v\u00e4g tillbaka till 90-talet. Inte till framtiden.&quot;<\/em><br><br><strong>Vilken \u00e4r din vision om Europa under det kommande decenniet?<\/strong><\/p>\n\n\n\n<p><em>\u201dMer marknadsliberalisering, \u00f6ppen ekonomi. Gemensam budget. Gemensam milit\u00e4r. Enhet. Det \u00e4r den enda v\u00e4gen fram\u00e5t f\u00f6r Europa att vara stark och framg\u00e5ngsrik.\u201d<\/em><br><br><strong>Hur ser du p\u00e5 AI:s roll i den n\u00e4rmaste framtiden? Vad tycker du om att reglera det?<\/strong><\/p>\n\n\n\n<p><em>&quot;AI \u00e4r ett fantastiskt verktyg och \u00e4r v\u00e5r framtid om vi kan kontrollera det p\u00e5 ett smart s\u00e4tt som inte skadar m\u00e4nskligheten. Samh\u00e4llet b\u00f6r dock vara f\u00f6rsiktigt med AI n\u00e4r det kommer till cybers\u00e4kerhet och brottslingar som anv\u00e4nder den mot samh\u00e4llet.\u201d<\/em><\/p>\n\n\n\n<p><strong>Hur drar Europa nytta av frihandelsavtal?<\/strong><\/p>\n\n\n\n<p><em>&quot;Mindre monopol, mer fri handel, ett f\u00f6retag kan v\u00e4xa obeskattat och f\u00f6ra produkter \u00f6ver hela Europa, d\u00e4r vilken statsmedlem som helst skulle kunna dra mycket nytta av det.&quot;<\/em><br><br><strong>M\u00e5nga politiker pratar om energidiversifiering. Vilken \u00e4r den idealiska l\u00f6sningen enligt dig?<\/strong><\/p>\n\n\n\n<p><em>&quot;Idealet \u00e4r enligt min mening en f\u00f6rnuftskombination mellan f\u00f6rnybar energi och k\u00e4rnkraft. Det \u00e4r en idealisk bild i slutet. Eftersom det inte \u00e4r m\u00f6jligt att vara helt p\u00e5 f\u00f6rnybar energi i n\u00e5gon n\u00e4ra framtid m\u00e5ste detta delas p\u00e5 det mest milj\u00f6v\u00e4nliga och effektiva s\u00e4ttet.\u201d<br><\/em><br><strong>Vilken f\u00f6redrar du och varf\u00f6r? Innovation vs reglering?<\/strong><\/p>\n\n\n\n<p><em>&quot;F\u00f6redrar innovation. Det \u00e4r en drivmekanism f\u00f6r en ljusare framtid och m\u00e4nsklighetens framsteg.\u201d<\/em><br><br><strong>Vad \u00e4r dina v\u00e4ljare bekymrade \u00f6ver n\u00e4r det g\u00e4ller Europeiska unionen?<\/strong><\/p>\n\n\n\n<p><em>&quot;Geopolitisk situation i EU och s\u00e4kerhet i varje stat. Jag skulle s\u00e4ga att det h\u00e4r \u00e4r de mest orov\u00e4ckande \u00e4mnena.&quot;<\/em><br><br><strong>Tycker du att det \u00e4r klokt att acceptera fler l\u00e4nder i unionen?<\/strong><\/p>\n\n\n\n<p>&#8220;<em>Inte med nuvarande intagskriterier. Dessa m\u00e5ste ses \u00f6ver. EU \u00e4r redan enormt med massor av interna problem. Nya medlemmar ska accepteras med h\u00f6gre HDI och ekonomi \u2013 s\u00e5 det skulle ocks\u00e5 ge f\u00f6rdelar f\u00f6r hela EU, inte bara med EU. Det m\u00e5ste finnas en balans i detta.<\/em>&#8220;<br><\/p>\n\n\n\n<p>.<\/p>","protected":false},"excerpt":{"rendered":"<p>V\u00e5r regeringschef, Zoltan Kesz, intervjuade nyligen en MEP-kandidat fr\u00e5n Liberal&#039;s Movement (Litauen) f\u00f6r att f\u00f6rst\u00e5 deras perspektiv p\u00e5 Europas framtid, de strategier de rekommenderar f\u00f6r att m\u00f6ta nuvarande utmaningar och deras \u00e5sikter om avg\u00f6rande politiska fr\u00e5gor. Vilka \u00e4r de st\u00f6rsta utmaningarna som EU f\u00f6r n\u00e4rvarande st\u00e5r inf\u00f6r? \u201dKonsolidering och enighet. Vissa stater \u00e4r \u2026<\/p>","protected":false},"author":1,"featured_media":847,"comment_status":"open","ping_status":"open","sticky":false,"template":"","format":"standard","meta":{"_acf_changed":false,"_genesis_block_theme_hide_title":false,"footnotes":""},"categories":[7],"tags":[],"class_list":{"0":"post-846","1":"post","2":"type-post","3":"status-publish","4":"format-standard","5":"has-post-thumbnail","6":"hentry","7":"category-blog","9":"with-featured-image"},"acf":[],"yoast_head":"<!-- This site is optimized with the Yoast SEO plugin v25.8 - https:\/\/yoast.com\/wordpress\/plugins\/seo\/ -->\n<title>Interview with MEP candidate Artur Tru\u0161 - Consumer Champs<\/title>\n<meta name=\"robots\" content=\"index, follow, max-snippet:-1, max-image-preview:large, max-video-preview:-1\" \/>\n<link rel=\"canonical\" href=\"https:\/\/consumerchamps.eu\/sv\/intervju-med-ledamotskandidaten-artur-trus\/\" \/>\n<meta property=\"og:locale\" content=\"sv_SE\" \/>\n<meta property=\"og:type\" content=\"article\" \/>\n<meta property=\"og:title\" content=\"Interview with MEP candidate Artur Tru\u0161 - Consumer Champs\" \/>\n<meta property=\"og:description\" content=\"Our Government affairs manager, Zoltan Kesz, recently interviewed an MEP candidate from the Liberal&#8217;s Movement (Lithuania) to understand their perspective on the future of Europe, the strategies they recommend to address present challenges, and their opinions on crucial policy issues. What are the biggest challenges the EU is currently facing? &#8220;Consolidation&nbsp;and unity. Some states are &hellip;\" \/>\n<meta property=\"og:url\" content=\"https:\/\/consumerchamps.eu\/sv\/intervju-med-ledamotskandidaten-artur-trus\/\" \/>\n<meta property=\"og:site_name\" content=\"Consumer Champs\" \/>\n<meta property=\"article:published_time\" content=\"2024-03-25T12:14:23+00:00\" \/>\n<meta property=\"article:modified_time\" content=\"2024-03-25T12:16:59+00:00\" \/>\n<meta property=\"og:image\" content=\"https:\/\/consumerchamps.eu\/wp-content\/uploads\/2024\/03\/champs-blog-image.png\" \/>\n\t<meta property=\"og:image:width\" content=\"940\" \/>\n\t<meta property=\"og:image:height\" content=\"788\" \/>\n\t<meta property=\"og:image:type\" content=\"image\/png\" \/>\n<meta name=\"author\" content=\"consumerchamps\" \/>\n<meta name=\"twitter:card\" content=\"summary_large_image\" \/>\n<meta name=\"twitter:label1\" content=\"Skriven av\" \/>\n\t<meta name=\"twitter:data1\" content=\"consumerchamps\" \/>\n\t<meta name=\"twitter:label2\" content=\"Ber\u00e4knad l\u00e4stid\" \/>\n\t<meta name=\"twitter:data2\" content=\"2 minuter\" \/>\n<script type=\"application\/ld+json\" class=\"yoast-schema-graph\">{\"@context\":\"https:\/\/schema.org\",\"@graph\":[{\"@type\":\"Article\",\"@id\":\"https:\/\/consumerchamps.eu\/interview-with-mep-candidate-artur-trus\/#article\",\"isPartOf\":{\"@id\":\"https:\/\/consumerchamps.eu\/interview-with-mep-candidate-artur-trus\/\"},\"author\":{\"name\":\"consumerchamps\",\"@id\":\"https:\/\/consumerchamps.eu\/pt\/#\/schema\/person\/abee610907eeed950d696296af1e6ecb\"},\"headline\":\"Interview with MEP candidate Artur Tru\u0161\",\"datePublished\":\"2024-03-25T12:14:23+00:00\",\"dateModified\":\"2024-03-25T12:16:59+00:00\",\"mainEntityOfPage\":{\"@id\":\"https:\/\/consumerchamps.eu\/interview-with-mep-candidate-artur-trus\/\"},\"wordCount\":411,\"commentCount\":0,\"publisher\":{\"@id\":\"https:\/\/consumerchamps.eu\/pt\/#organization\"},\"image\":{\"@id\":\"https:\/\/consumerchamps.eu\/interview-with-mep-candidate-artur-trus\/#primaryimage\"},\"thumbnailUrl\":\"https:\/\/consumerchamps.eu\/wp-content\/uploads\/2024\/03\/champs-blog-image.png\",\"articleSection\":[\"Blog\"],\"inLanguage\":\"sv-SE\",\"potentialAction\":[{\"@type\":\"CommentAction\",\"name\":\"Comment\",\"target\":[\"https:\/\/consumerchamps.eu\/interview-with-mep-candidate-artur-trus\/#respond\"]}]},{\"@type\":\"WebPage\",\"@id\":\"https:\/\/consumerchamps.eu\/interview-with-mep-candidate-artur-trus\/\",\"url\":\"https:\/\/consumerchamps.eu\/interview-with-mep-candidate-artur-trus\/\",\"name\":\"Interview with MEP candidate Artur Tru\u0161 - Consumer Champs\",\"isPartOf\":{\"@id\":\"https:\/\/consumerchamps.eu\/pt\/#website\"},\"primaryImageOfPage\":{\"@id\":\"https:\/\/consumerchamps.eu\/interview-with-mep-candidate-artur-trus\/#primaryimage\"},\"image\":{\"@id\":\"https:\/\/consumerchamps.eu\/interview-with-mep-candidate-artur-trus\/#primaryimage\"},\"thumbnailUrl\":\"https:\/\/consumerchamps.eu\/wp-content\/uploads\/2024\/03\/champs-blog-image.png\",\"datePublished\":\"2024-03-25T12:14:23+00:00\",\"dateModified\":\"2024-03-25T12:16:59+00:00\",\"breadcrumb\":{\"@id\":\"https:\/\/consumerchamps.eu\/interview-with-mep-candidate-artur-trus\/#breadcrumb\"},\"inLanguage\":\"sv-SE\",\"potentialAction\":[{\"@type\":\"ReadAction\",\"target\":[\"https:\/\/consumerchamps.eu\/interview-with-mep-candidate-artur-trus\/\"]}]},{\"@type\":\"ImageObject\",\"inLanguage\":\"sv-SE\",\"@id\":\"https:\/\/consumerchamps.eu\/interview-with-mep-candidate-artur-trus\/#primaryimage\",\"url\":\"https:\/\/consumerchamps.eu\/wp-content\/uploads\/2024\/03\/champs-blog-image.png\",\"contentUrl\":\"https:\/\/consumerchamps.eu\/wp-content\/uploads\/2024\/03\/champs-blog-image.png\",\"width\":940,\"height\":788},{\"@type\":\"BreadcrumbList\",\"@id\":\"https:\/\/consumerchamps.eu\/interview-with-mep-candidate-artur-trus\/#breadcrumb\",\"itemListElement\":[{\"@type\":\"ListItem\",\"position\":1,\"name\":\"Home\",\"item\":\"https:\/\/consumerchamps.eu\/pt\/\"},{\"@type\":\"ListItem\",\"position\":2,\"name\":\"Interview with MEP candidate Artur Tru\u0161\"}]},{\"@type\":\"WebSite\",\"@id\":\"https:\/\/consumerchamps.eu\/pt\/#website\",\"url\":\"https:\/\/consumerchamps.eu\/pt\/\",\"name\":\"Consumer Champs\",\"description\":\"Empowering Voices, Inspiring Change: Where Consumer Champions Shape Tomorrow&#039;s Choices\",\"publisher\":{\"@id\":\"https:\/\/consumerchamps.eu\/pt\/#organization\"},\"potentialAction\":[{\"@type\":\"SearchAction\",\"target\":{\"@type\":\"EntryPoint\",\"urlTemplate\":\"https:\/\/consumerchamps.eu\/pt\/?s={search_term_string}\"},\"query-input\":{\"@type\":\"PropertyValueSpecification\",\"valueRequired\":true,\"valueName\":\"search_term_string\"}}],\"inLanguage\":\"sv-SE\"},{\"@type\":\"Organization\",\"@id\":\"https:\/\/consumerchamps.eu\/pt\/#organization\",\"name\":\"Consumer Champs\",\"url\":\"https:\/\/consumerchamps.eu\/pt\/\",\"logo\":{\"@type\":\"ImageObject\",\"inLanguage\":\"sv-SE\",\"@id\":\"https:\/\/consumerchamps.eu\/pt\/#\/schema\/logo\/image\/\",\"url\":\"https:\/\/consumerchamps.eu\/wp-content\/uploads\/2023\/11\/CC_Logo_Gold.png\",\"contentUrl\":\"https:\/\/consumerchamps.eu\/wp-content\/uploads\/2023\/11\/CC_Logo_Gold.png\",\"width\":199,\"height\":78,\"caption\":\"Consumer Champs\"},\"image\":{\"@id\":\"https:\/\/consumerchamps.eu\/pt\/#\/schema\/logo\/image\/\"}},{\"@type\":\"Person\",\"@id\":\"https:\/\/consumerchamps.eu\/pt\/#\/schema\/person\/abee610907eeed950d696296af1e6ecb\",\"name\":\"consumerchamps\",\"image\":{\"@type\":\"ImageObject\",\"inLanguage\":\"sv-SE\",\"@id\":\"https:\/\/consumerchamps.eu\/pt\/#\/schema\/person\/image\/\",\"url\":\"https:\/\/secure.gravatar.com\/avatar\/60494a730db86c4adb95d91824cf7b3210e83da78c8216541583cf81f8626eb3?s=96&d=mm&r=g\",\"contentUrl\":\"https:\/\/secure.gravatar.com\/avatar\/60494a730db86c4adb95d91824cf7b3210e83da78c8216541583cf81f8626eb3?s=96&d=mm&r=g\",\"caption\":\"consumerchamps\"},\"sameAs\":[\"https:\/\/consumerchamps.wpenginepowered.com\"],\"url\":\"https:\/\/consumerchamps.eu\/sv\/author\/consumerchamps\/\"}]}<\/script>\n<!-- \/ Yoast SEO plugin. -->","yoast_head_json":{"title":"Intervju med MEP-kandidaten Artur Tru\u0161 - Consumer Champs","robots":{"index":"index","follow":"follow","max-snippet":"max-snippet:-1","max-image-preview":"max-image-preview:large","max-video-preview":"max-video-preview:-1"},"canonical":"https:\/\/consumerchamps.eu\/sv\/intervju-med-ledamotskandidaten-artur-trus\/","og_locale":"sv_SE","og_type":"article","og_title":"Interview with MEP candidate Artur Tru\u0161 - Consumer Champs","og_description":"Our Government affairs manager, Zoltan Kesz, recently interviewed an MEP candidate from the Liberal&#8217;s Movement (Lithuania) to understand their perspective on the future of Europe, the strategies they recommend to address present challenges, and their opinions on crucial policy issues. What are the biggest challenges the EU is currently facing? &#8220;Consolidation&nbsp;and unity. Some states are &hellip;","og_url":"https:\/\/consumerchamps.eu\/sv\/intervju-med-ledamotskandidaten-artur-trus\/","og_site_name":"Consumer Champs","article_published_time":"2024-03-25T12:14:23+00:00","article_modified_time":"2024-03-25T12:16:59+00:00","og_image":[{"width":940,"height":788,"url":"https:\/\/consumerchamps.eu\/wp-content\/uploads\/2024\/03\/champs-blog-image.png","type":"image\/png"}],"author":"consumerchamps","twitter_card":"summary_large_image","twitter_misc":{"Skriven av":"consumerchamps","Ber\u00e4knad l\u00e4stid":"2 minuter"},"schema":{"@context":"https:\/\/schema.org","@graph":[{"@type":"Article","@id":"https:\/\/consumerchamps.eu\/interview-with-mep-candidate-artur-trus\/#article","isPartOf":{"@id":"https:\/\/consumerchamps.eu\/interview-with-mep-candidate-artur-trus\/"},"author":{"name":"consumerchamps","@id":"https:\/\/consumerchamps.eu\/pt\/#\/schema\/person\/abee610907eeed950d696296af1e6ecb"},"headline":"Interview with MEP candidate Artur Tru\u0161","datePublished":"2024-03-25T12:14:23+00:00","dateModified":"2024-03-25T12:16:59+00:00","mainEntityOfPage":{"@id":"https:\/\/consumerchamps.eu\/interview-with-mep-candidate-artur-trus\/"},"wordCount":411,"commentCount":0,"publisher":{"@id":"https:\/\/consumerchamps.eu\/pt\/#organization"},"image":{"@id":"https:\/\/consumerchamps.eu\/interview-with-mep-candidate-artur-trus\/#primaryimage"},"thumbnailUrl":"https:\/\/consumerchamps.eu\/wp-content\/uploads\/2024\/03\/champs-blog-image.png","articleSection":["Blog"],"inLanguage":"sv-SE","potentialAction":[{"@type":"CommentAction","name":"Comment","target":["https:\/\/consumerchamps.eu\/interview-with-mep-candidate-artur-trus\/#respond"]}]},{"@type":"WebPage","@id":"https:\/\/consumerchamps.eu\/interview-with-mep-candidate-artur-trus\/","url":"https:\/\/consumerchamps.eu\/interview-with-mep-candidate-artur-trus\/","name":"Intervju med MEP-kandidaten Artur Tru\u0161 - Consumer Champs","isPartOf":{"@id":"https:\/\/consumerchamps.eu\/pt\/#website"},"primaryImageOfPage":{"@id":"https:\/\/consumerchamps.eu\/interview-with-mep-candidate-artur-trus\/#primaryimage"},"image":{"@id":"https:\/\/consumerchamps.eu\/interview-with-mep-candidate-artur-trus\/#primaryimage"},"thumbnailUrl":"https:\/\/consumerchamps.eu\/wp-content\/uploads\/2024\/03\/champs-blog-image.png","datePublished":"2024-03-25T12:14:23+00:00","dateModified":"2024-03-25T12:16:59+00:00","breadcrumb":{"@id":"https:\/\/consumerchamps.eu\/interview-with-mep-candidate-artur-trus\/#breadcrumb"},"inLanguage":"sv-SE","potentialAction":[{"@type":"ReadAction","target":["https:\/\/consumerchamps.eu\/interview-with-mep-candidate-artur-trus\/"]}]},{"@type":"ImageObject","inLanguage":"sv-SE","@id":"https:\/\/consumerchamps.eu\/interview-with-mep-candidate-artur-trus\/#primaryimage","url":"https:\/\/consumerchamps.eu\/wp-content\/uploads\/2024\/03\/champs-blog-image.png","contentUrl":"https:\/\/consumerchamps.eu\/wp-content\/uploads\/2024\/03\/champs-blog-image.png","width":940,"height":788},{"@type":"BreadcrumbList","@id":"https:\/\/consumerchamps.eu\/interview-with-mep-candidate-artur-trus\/#breadcrumb","itemListElement":[{"@type":"ListItem","position":1,"name":"Home","item":"https:\/\/consumerchamps.eu\/pt\/"},{"@type":"ListItem","position":2,"name":"Interview with MEP candidate Artur Tru\u0161"}]},{"@type":"WebSite","@id":"https:\/\/consumerchamps.eu\/pt\/#website","url":"https:\/\/consumerchamps.eu\/pt\/","name":"Consumer Champs","description":"Bemyndigande r\u00f6ster, inspirerande f\u00f6r\u00e4ndring: d\u00e4r konsumentm\u00e4stare formar morgondagens val","publisher":{"@id":"https:\/\/consumerchamps.eu\/pt\/#organization"},"potentialAction":[{"@type":"SearchAction","target":{"@type":"EntryPoint","urlTemplate":"https:\/\/consumerchamps.eu\/pt\/?s={search_term_string}"},"query-input":{"@type":"PropertyValueSpecification","valueRequired":true,"valueName":"search_term_string"}}],"inLanguage":"sv-SE"},{"@type":"Organization","@id":"https:\/\/consumerchamps.eu\/pt\/#organization","name":"Consumer Champs","url":"https:\/\/consumerchamps.eu\/pt\/","logo":{"@type":"ImageObject","inLanguage":"sv-SE","@id":"https:\/\/consumerchamps.eu\/pt\/#\/schema\/logo\/image\/","url":"https:\/\/consumerchamps.eu\/wp-content\/uploads\/2023\/11\/CC_Logo_Gold.png","contentUrl":"https:\/\/consumerchamps.eu\/wp-content\/uploads\/2023\/11\/CC_Logo_Gold.png","width":199,"height":78,"caption":"Consumer Champs"},"image":{"@id":"https:\/\/consumerchamps.eu\/pt\/#\/schema\/logo\/image\/"}},{"@type":"Person","@id":"https:\/\/consumerchamps.eu\/pt\/#\/schema\/person\/abee610907eeed950d696296af1e6ecb","name":"consumerchamps","image":{"@type":"ImageObject","inLanguage":"sv-SE","@id":"https:\/\/consumerchamps.eu\/pt\/#\/schema\/person\/image\/","url":"https:\/\/secure.gravatar.com\/avatar\/60494a730db86c4adb95d91824cf7b3210e83da78c8216541583cf81f8626eb3?s=96&d=mm&r=g","contentUrl":"https:\/\/secure.gravatar.com\/avatar\/60494a730db86c4adb95d91824cf7b3210e83da78c8216541583cf81f8626eb3?s=96&d=mm&r=g","caption":"consumerchamps"},"sameAs":["https:\/\/consumerchamps.wpenginepowered.com"],"url":"https:\/\/consumerchamps.eu\/sv\/author\/consumerchamps\/"}]}},"featured_image_src":"https:\/\/consumerchamps.eu\/wp-content\/uploads\/2024\/03\/champs-blog-image-600x400.png","featured_image_src_square":"https:\/\/consumerchamps.eu\/wp-content\/uploads\/2024\/03\/champs-blog-image-600x600.png","author_info":{"display_name":"consumerchamps","author_link":"https:\/\/consumerchamps.eu\/sv\/author\/consumerchamps\/"},"_links":{"self":[{"href":"https:\/\/consumerchamps.eu\/sv\/wp-json\/wp\/v2\/posts\/846","targetHints":{"allow":["GET"]}}],"collection":[{"href":"https:\/\/consumerchamps.eu\/sv\/wp-json\/wp\/v2\/posts"}],"about":[{"href":"https:\/\/consumerchamps.eu\/sv\/wp-json\/wp\/v2\/types\/post"}],"author":[{"embeddable":true,"href":"https:\/\/consumerchamps.eu\/sv\/wp-json\/wp\/v2\/users\/1"}],"replies":[{"embeddable":true,"href":"https:\/\/consumerchamps.eu\/sv\/wp-json\/wp\/v2\/comments?post=846"}],"version-history":[{"count":0,"href":"https:\/\/consumerchamps.eu\/sv\/wp-json\/wp\/v2\/posts\/846\/revisions"}],"wp:featuredmedia":[{"embeddable":true,"href":"https:\/\/consumerchamps.eu\/sv\/wp-json\/wp\/v2\/media\/847"}],"wp:attachment":[{"href":"https:\/\/consumerchamps.eu\/sv\/wp-json\/wp\/v2\/media?parent=846"}],"wp:term":[{"taxonomy":"category","embeddable":true,"href":"https:\/\/consumerchamps.eu\/sv\/wp-json\/wp\/v2\/categories?post=846"},{"taxonomy":"post_tag","embeddable":true,"href":"https:\/\/consumerchamps.eu\/sv\/wp-json\/wp\/v2\/tags?post=846"}],"curies":[{"name":"wp","href":"https:\/\/api.w.org\/{rel}","templated":true}]}}